{"id":1006,"date":"2023-03-03T12:01:00","date_gmt":"2023-03-03T11:01:00","guid":{"rendered":"https:\/\/2solesmusica.com\/?p=1006"},"modified":"2023-03-03T12:35:56","modified_gmt":"2023-03-03T11:35:56","slug":"amoryelectro","status":"publish","type":"post","link":"https:\/\/2solesmusica.com\/?p=1006","title":{"rendered":"Febrero loco&#8230; pero por ti. Amor y electro."},"content":{"rendered":"\n<p class=\"wp-block-paragraph\">Comenzamos la nueva temporada de 2solesmusica con una <em>playlist<\/em>. La de febrero, el mes del amor, el del viento, y el mes en el que te das cuenta de que ya han pasado 58 d\u00edas desde que dijiste que ibas a hacer determinados prop\u00f3sitos y no has cumplido ninguno.<\/p>\n\n\n\n<p class=\"wp-block-paragraph\">Lo bueno de que a\u00fan estemos en el segundo mes del a\u00f1o, es que todav\u00eda puedes retomar eso que a\u00fan sigue pendiente. Pero si hay algo mejor en febrero, es que empiezan a llegar las importantes novedades musicales del a\u00f1o, o al menos se les pone fecha de estreno a las m\u00e1s llamativas.<\/p>\n\n\n\n<p class=\"wp-block-paragraph\">Esto es <em><strong>amor y electro<\/strong><\/em>: 25 canciones de nuestro febrero m\u00e1s electro, pospunk, &#8230; y pop&#8230; y yo qu\u00e9 s\u00e9 t\u00eda&#8230; si mi br\u00fajula no para de dar vueltas como posesa detr\u00e1s de cada m\u00e1gica melod\u00eda. <\/p>\n\n\n\n<p class=\"wp-block-paragraph\">Este es mi plan&#8230; mi burbuja vital que dir\u00eda Fangoria, mi mundo lleno de unicornios. El plan perfecto ser\u00eda, tardeo, en un club al que se entra por un pasillo de baldosas amarillas, el <span class=\"uppercase\"><mark style=\"color:#000000;background-color:rgba(0,0,0,0)\" class=\"has-inline-color has-primary-color\"><strong><em>Dorothy Club<\/em><\/strong><\/mark><\/span>, con una bola de discoteca inmensa&#8230; mesas, juegos, muffins, copas, y t\u00fa.<\/p>\n\n\n\n<p class=\"wp-block-paragraph\">\u00a1Vamos con ello!<\/p>\n\n\n\n<div class=\"wp-block-media-text alignwide is-stacked-on-mobile\" style=\"grid-template-columns:30% auto\"><figure class=\"wp-block-media-text__media\"><img data-recalc-dims=\"1\" loading=\"lazy\" decoding=\"async\" width=\"640\" height=\"638\" data-attachment-id=\"1017\" data-permalink=\"https:\/\/2solesmusica.com\/?attachment_id=1017\" data-orig-file=\"https:\/\/i0.wp.com\/2solesmusica.com\/wp-content\/uploads\/2023\/02\/redcell.jpg?fit=640%2C638&amp;ssl=1\" data-orig-size=\"640,638\" data-comments-opened=\"1\" data-image-meta=\"{&quot;aperture&quot;:&quot;0&quot;,&quot;credit&quot;:&quot;&quot;,&quot;camera&quot;:&quot;&quot;,&quot;caption&quot;:&quot;&quot;,&quot;created_timestamp&quot;:&quot;0&quot;,&quot;copyright&quot;:&quot;&quot;,&quot;focal_length&quot;:&quot;0&quot;,&quot;iso&quot;:&quot;0&quot;,&quot;shutter_speed&quot;:&quot;0&quot;,&quot;title&quot;:&quot;&quot;,&quot;orientation&quot;:&quot;0&quot;}\" data-image-title=\"redcell\" data-image-description=\"\" data-image-caption=\"\" data-large-file=\"https:\/\/i0.wp.com\/2solesmusica.com\/wp-content\/uploads\/2023\/02\/redcell.jpg?fit=640%2C638&amp;ssl=1\" src=\"https:\/\/i0.wp.com\/2solesmusica.com\/wp-content\/uploads\/2023\/02\/redcell.jpg?resize=640%2C638&#038;ssl=1\" alt=\"\" class=\"wp-image-1017 size-full\" \/><\/figure><div class=\"wp-block-media-text__content\">\n<p class=\"wp-block-paragraph\"><strong><em>Red Cell<\/em><\/strong> son un grupo n\u00f3rdico, que, s\u00ed, efectivamente, desde la primera escucha te recuerdan a las viejas glorias del <em>synthpop<\/em>, y ese es su objetivo porque se dedican a replicar a los grupos de anta\u00f1o, a conseguir sus sonidos caracter\u00edsticos con la tecnolog\u00eda de ahora, o recuperando y arreglando los viejos instrumentos electr\u00f3nicos, ya en desuso o desfase.<\/p>\n<\/div><\/div>\n\n\n\n<p class=\"wp-block-paragraph\"><em><strong>Goin back before going<\/strong><\/em>, es su nuevo EP publicado esta misma semana. La revista <em>ElektroSkull <\/em>les dio un 9\/10 con  <strong><em>endings and beginning<\/em><\/strong>s de 2016, y en aquel momento dijo que era el mejor disco del a\u00f1o. Desde aquello s\u00f3lo hemos obtenido silencio que comenzaron a romper en el pasado 2022 al ir lanzando una a una las canciones que contiene este EP.<\/p>\n\n\n\n<figure class=\"wp-block-embed is-type-video is-provider-youtube wp-block-embed-youtube wp-embed-aspect-4-3 wp-has-aspect-ratio\"><div class=\"wp-block-embed__wrapper\">\n<span class=\"embed-youtube\" style=\"text-align:center; display: block;\"><iframe loading=\"lazy\" class=\"youtube-player\" width=\"640\" height=\"360\" src=\"https:\/\/www.youtube.com\/embed\/mjvx6vturYo?version=3&#038;rel=1&#038;showsearch=0&#038;showinfo=1&#038;iv_load_policy=1&#038;fs=1&#038;hl=es-ES&#038;autohide=2&#038;wmode=transparent\" allowfullscreen=\"true\" style=\"border:0;\" sandbox=\"allow-scripts allow-same-origin allow-popups allow-presentation allow-popups-to-escape-sandbox\"><\/iframe><\/span>\n<\/div><figcaption class=\"wp-element-caption\">RED CELL &#8211; Going Back Before Going On<\/figcaption><\/figure>\n\n\n\n<p class=\"wp-block-paragraph\">El hijo y sobrino de los integrantes del grupo <em><strong>The Kinks<\/strong><\/em>, tiene su proyecto propio y de gran \u00e9xito al que llama <em><strong>Cinnamon Chasers<\/strong><\/em> que acaba de dejarnos su \u00faltimo EP titulado <em><strong>never let go of you<\/strong><\/em>, que es adem\u00e1s el single actual del grupo. Su \u00faltimo LP es de 2021 (<strong><em>Doorways<\/em><\/strong>).<\/p>\n\n\n\n<p class=\"wp-block-paragraph\">La canci\u00f3n est\u00e1 perfectamente producida, tiene una programaci\u00f3n electr\u00f3nica espectacular y precisa que la escuchemos a nivel m\u00e1ximo y con graves para apreciar toda esa \u00abtecnolog\u00eda\u00bb y delicias de melod\u00edas puestas a disposici\u00f3n del oyente.<\/p>\n\n\n\n<figure class=\"wp-block-embed is-type-video is-provider-youtube wp-block-embed-youtube wp-embed-aspect-4-3 wp-has-aspect-ratio\"><div class=\"wp-block-embed__wrapper\">\n<span class=\"embed-youtube\" style=\"text-align:center; display: block;\"><iframe loading=\"lazy\" class=\"youtube-player\" width=\"640\" height=\"360\" src=\"https:\/\/www.youtube.com\/embed\/8qhJB5RngSw?version=3&#038;rel=1&#038;showsearch=0&#038;showinfo=1&#038;iv_load_policy=1&#038;fs=1&#038;hl=es-ES&#038;autohide=2&#038;wmode=transparent\" allowfullscreen=\"true\" style=\"border:0;\" sandbox=\"allow-scripts allow-same-origin allow-popups allow-presentation allow-popups-to-escape-sandbox\"><\/iframe><\/span>\n<\/div><figcaption class=\"wp-element-caption\">CINNAMON CHASERS &#8211; Never Let Go Of You<\/figcaption><\/figure>\n\n\n\n<div class=\"wp-block-media-text alignwide is-stacked-on-mobile\" style=\"grid-template-columns:30% auto\"><figure class=\"wp-block-media-text__media\"><img data-recalc-dims=\"1\" loading=\"lazy\" decoding=\"async\" width=\"1200\" height=\"800\" data-attachment-id=\"1029\" data-permalink=\"https:\/\/2solesmusica.com\/?attachment_id=1029\" data-orig-file=\"https:\/\/i0.wp.com\/2solesmusica.com\/wp-content\/uploads\/2023\/02\/weval-2016-1200.jpg?fit=1200%2C800&amp;ssl=1\" data-orig-size=\"1200,800\" data-comments-opened=\"1\" data-image-meta=\"{&quot;aperture&quot;:&quot;0&quot;,&quot;credit&quot;:&quot;&quot;,&quot;camera&quot;:&quot;&quot;,&quot;caption&quot;:&quot;&quot;,&quot;created_timestamp&quot;:&quot;0&quot;,&quot;copyright&quot;:&quot;&quot;,&quot;focal_length&quot;:&quot;0&quot;,&quot;iso&quot;:&quot;0&quot;,&quot;shutter_speed&quot;:&quot;0&quot;,&quot;title&quot;:&quot;&quot;,&quot;orientation&quot;:&quot;0&quot;}\" data-image-title=\"weval-2016-1200\" data-image-description=\"\" data-image-caption=\"\" data-large-file=\"https:\/\/i0.wp.com\/2solesmusica.com\/wp-content\/uploads\/2023\/02\/weval-2016-1200.jpg?fit=1024%2C683&amp;ssl=1\" src=\"https:\/\/i0.wp.com\/2solesmusica.com\/wp-content\/uploads\/2023\/02\/weval-2016-1200.jpg?resize=1200%2C800&#038;ssl=1\" alt=\"\" class=\"wp-image-1029 size-full\" \/><\/figure><div class=\"wp-block-media-text__content\">\n<p class=\"wp-block-paragraph\"><strong><em>Weval <\/em><\/strong>son un d\u00fao de pa\u00edses bajos cuyos inicios estaban en la producci\u00f3n de m\u00fasica para cine. En 2014 su m\u00fasica lleg\u00f3 para una campa\u00f1a de una conocida marca de t\u00f3nica en el que adem\u00e1s aparec\u00eda nuestra Pen\u00e9lope Cruz. (<a href=\"https:\/\/youtu.be\/duQEVg5iqAE\">aqu\u00ed<\/a>). De ah\u00ed en adelante, se convierten en un referente del electro europeo al tener publicados 2 Lp&#8217;s y varios m\u00e1s en formato EP.<\/p>\n<\/div><\/div>\n\n\n\n<p class=\"wp-block-paragraph\">Everything Went Well es adelanto de su LP remember que se publica el pr\u00f3ximo 3 de marzo de 2023.<\/p>\n\n\n\n<figure class=\"wp-block-embed is-type-video is-provider-youtube wp-block-embed-youtube wp-embed-aspect-16-9 wp-has-aspect-ratio\"><div class=\"wp-block-embed__wrapper\">\n<span class=\"embed-youtube\" style=\"text-align:center; display: block;\"><iframe loading=\"lazy\" class=\"youtube-player\" width=\"640\" height=\"360\" src=\"https:\/\/www.youtube.com\/embed\/dc8dAY9zMD4?version=3&#038;rel=1&#038;showsearch=0&#038;showinfo=1&#038;iv_load_policy=1&#038;fs=1&#038;hl=es-ES&#038;autohide=2&#038;wmode=transparent\" allowfullscreen=\"true\" style=\"border:0;\" sandbox=\"allow-scripts allow-same-origin allow-popups allow-presentation allow-popups-to-escape-sandbox\"><\/iframe><\/span>\n<\/div><\/figure>\n\n\n\n<p class=\"wp-block-paragraph\">El pr\u00f3ximo 7 de abril tendremos publicado por <em>Moshi Moshi Records <\/em>el cuarto LP de <strong><em>TELEMAN<\/em><\/strong>. De ah\u00ed hemos escogido <strong><em>Trees Grow High <\/em><\/strong>que nos parece una delicia.<\/p>\n\n\n\n<figure class=\"wp-block-embed is-type-video is-provider-youtube wp-block-embed-youtube wp-embed-aspect-16-9 wp-has-aspect-ratio\"><div class=\"wp-block-embed__wrapper\">\n<span class=\"embed-youtube\" style=\"text-align:center; display: block;\"><iframe loading=\"lazy\" class=\"youtube-player\" width=\"640\" height=\"360\" src=\"https:\/\/www.youtube.com\/embed\/4rtDqAnoRRw?version=3&#038;rel=1&#038;showsearch=0&#038;showinfo=1&#038;iv_load_policy=1&#038;fs=1&#038;hl=es-ES&#038;autohide=2&#038;wmode=transparent\" allowfullscreen=\"true\" style=\"border:0;\" sandbox=\"allow-scripts allow-same-origin allow-popups allow-presentation allow-popups-to-escape-sandbox\"><\/iframe><\/span>\n<\/div><\/figure>\n\n\n\n<div class=\"wp-block-media-text alignwide is-stacked-on-mobile\" style=\"grid-template-columns:30% auto\"><figure class=\"wp-block-media-text__media\"><img data-recalc-dims=\"1\" loading=\"lazy\" decoding=\"async\" width=\"1200\" height=\"800\" data-attachment-id=\"1033\" data-permalink=\"https:\/\/2solesmusica.com\/?attachment_id=1033\" data-orig-file=\"https:\/\/i0.wp.com\/2solesmusica.com\/wp-content\/uploads\/2023\/02\/moon-boots-press-shot.jpg?fit=1200%2C800&amp;ssl=1\" data-orig-size=\"1200,800\" data-comments-opened=\"1\" data-image-meta=\"{&quot;aperture&quot;:&quot;0&quot;,&quot;credit&quot;:&quot;&quot;,&quot;camera&quot;:&quot;&quot;,&quot;caption&quot;:&quot;&quot;,&quot;created_timestamp&quot;:&quot;0&quot;,&quot;copyright&quot;:&quot;&quot;,&quot;focal_length&quot;:&quot;0&quot;,&quot;iso&quot;:&quot;0&quot;,&quot;shutter_speed&quot;:&quot;0&quot;,&quot;title&quot;:&quot;&quot;,&quot;orientation&quot;:&quot;0&quot;}\" data-image-title=\"moon-boots-press-shot\" data-image-description=\"\" data-image-caption=\"\" data-large-file=\"https:\/\/i0.wp.com\/2solesmusica.com\/wp-content\/uploads\/2023\/02\/moon-boots-press-shot.jpg?fit=1024%2C683&amp;ssl=1\" src=\"https:\/\/i0.wp.com\/2solesmusica.com\/wp-content\/uploads\/2023\/02\/moon-boots-press-shot.jpg?resize=1200%2C800&#038;ssl=1\" alt=\"\" class=\"wp-image-1033 size-full\" \/><\/figure><div class=\"wp-block-media-text__content\">\n<p class=\"wp-block-paragraph\"><strong><em>Moon Boots<\/em><\/strong> es un Dj y productor brit\u00e1nico que se ha unido a la nueva ni\u00f1a prodigio del electr\u00f3nico sueca <strong><em>Ora The Molecule<\/em><\/strong> para crear <strong><em>Wrong Note<\/em><\/strong>, y todo ello nos gustar\u00eda contar que ha sido en sus segundas residencia de la costa malague\u00f1a.<\/p>\n<\/div><\/div>\n\n\n\n<figure class=\"wp-block-embed is-type-video is-provider-youtube wp-block-embed-youtube wp-embed-aspect-16-9 wp-has-aspect-ratio\"><div class=\"wp-block-embed__wrapper\">\n<span class=\"embed-youtube\" style=\"text-align:center; display: block;\"><iframe loading=\"lazy\" class=\"youtube-player\" width=\"640\" height=\"360\" src=\"https:\/\/www.youtube.com\/embed\/q4O1GoC5-Mw?version=3&#038;rel=1&#038;showsearch=0&#038;showinfo=1&#038;iv_load_policy=1&#038;fs=1&#038;hl=es-ES&#038;autohide=2&#038;wmode=transparent\" allowfullscreen=\"true\" style=\"border:0;\" sandbox=\"allow-scripts allow-same-origin allow-popups allow-presentation allow-popups-to-escape-sandbox\"><\/iframe><\/span>\n<\/div><\/figure>\n\n\n\n<p class=\"wp-block-paragraph\"><strong><em>Caskette Cassette<\/em><\/strong>, son un descubrimiento. En una primera escucha a lo mejor no te cuadra, pero dale un par m\u00e1s y ser\u00e1s adicto. <strong><em>Chainless <\/em><\/strong>es un EP de 4 canciones que te van a sorprender gratamente y <em><strong>decay <\/strong><\/em>un temazo indispensable para este 2023 que va a acabar en la caja de muchos DJ de electro europeos. Los vamos a ver en festivales, ya te lo adelanto. Adem\u00e1s he cometido la osad\u00eda de ponerlos justo al ladito de <em><strong>DEPECHE MODE<\/strong><\/em> en la playlist&#8230; porque s\u00ed&#8230;<\/p>\n\n\n\n<figure class=\"wp-block-embed is-type-video is-provider-youtube wp-block-embed-youtube wp-embed-aspect-4-3 wp-has-aspect-ratio\"><div class=\"wp-block-embed__wrapper\">\n<span class=\"embed-youtube\" style=\"text-align:center; display: block;\"><iframe loading=\"lazy\" class=\"youtube-player\" width=\"640\" height=\"360\" src=\"https:\/\/www.youtube.com\/embed\/9wtNIDYXKCY?version=3&#038;rel=1&#038;showsearch=0&#038;showinfo=1&#038;iv_load_policy=1&#038;fs=1&#038;hl=es-ES&#038;autohide=2&#038;wmode=transparent\" allowfullscreen=\"true\" style=\"border:0;\" sandbox=\"allow-scripts allow-same-origin allow-popups allow-presentation allow-popups-to-escape-sandbox\"><\/iframe><\/span>\n<\/div><\/figure>\n\n\n\n<div class=\"wp-block-media-text alignwide is-stacked-on-mobile\" style=\"grid-template-columns:30% auto\"><figure class=\"wp-block-media-text__media\"><img data-recalc-dims=\"1\" loading=\"lazy\" decoding=\"async\" width=\"750\" height=\"460\" data-attachment-id=\"1038\" data-permalink=\"https:\/\/2solesmusica.com\/?attachment_id=1038\" data-orig-file=\"https:\/\/i0.wp.com\/2solesmusica.com\/wp-content\/uploads\/2023\/02\/theblaze.jpg?fit=750%2C460&amp;ssl=1\" data-orig-size=\"750,460\" data-comments-opened=\"1\" data-image-meta=\"{&quot;aperture&quot;:&quot;0&quot;,&quot;credit&quot;:&quot;&quot;,&quot;camera&quot;:&quot;&quot;,&quot;caption&quot;:&quot;&quot;,&quot;created_timestamp&quot;:&quot;0&quot;,&quot;copyright&quot;:&quot;&quot;,&quot;focal_length&quot;:&quot;0&quot;,&quot;iso&quot;:&quot;0&quot;,&quot;shutter_speed&quot;:&quot;0&quot;,&quot;title&quot;:&quot;&quot;,&quot;orientation&quot;:&quot;1&quot;}\" data-image-title=\"theblaze\" data-image-description=\"\" data-image-caption=\"\" data-large-file=\"https:\/\/i0.wp.com\/2solesmusica.com\/wp-content\/uploads\/2023\/02\/theblaze.jpg?fit=750%2C460&amp;ssl=1\" src=\"https:\/\/i0.wp.com\/2solesmusica.com\/wp-content\/uploads\/2023\/02\/theblaze.jpg?resize=750%2C460&#038;ssl=1\" alt=\"\" class=\"wp-image-1038 size-full\" \/><\/figure><div class=\"wp-block-media-text__content\">\n<p class=\"wp-block-paragraph\"><strong><em>The Blaze <\/em><\/strong>son la cabeza de cartel del <strong><em>Cala de Mijas Festival<\/em><\/strong>. Ya s\u00f3lo ellos valen los 150 \u20ac del abono, que espero que no se piensen en subir de precio en las pr\u00f3ximas semanas con el anuncio de los nuevos artistas que se confirmen. El resto de festivales nacionales han tirado la casa por la ventana, pero tambi\u00e9n han subido considerablemente los precios.<\/p>\n<\/div><\/div>\n\n\n\n<p class=\"wp-block-paragraph\">The Blaze publican su nuevo LP en unos d\u00edas. En concreto el 10 de marzo de 2023, y hay mucho inter\u00e9s por ver hasta d\u00f3nde llega porque <em><strong>dancehall <\/strong><\/em>(2018) parece insuperable. Clash es single adelanto, el tercero.<\/p>\n\n\n\n<figure class=\"wp-block-embed is-type-video is-provider-youtube wp-block-embed-youtube wp-embed-aspect-16-9 wp-has-aspect-ratio\"><div class=\"wp-block-embed__wrapper\">\n<span class=\"embed-youtube\" style=\"text-align:center; display: block;\"><iframe loading=\"lazy\" class=\"youtube-player\" width=\"640\" height=\"360\" src=\"https:\/\/www.youtube.com\/embed\/MxtzdEBJac8?version=3&#038;rel=1&#038;showsearch=0&#038;showinfo=1&#038;iv_load_policy=1&#038;fs=1&#038;hl=es-ES&#038;autohide=2&#038;wmode=transparent\" allowfullscreen=\"true\" style=\"border:0;\" sandbox=\"allow-scripts allow-same-origin allow-popups allow-presentation allow-popups-to-escape-sandbox\"><\/iframe><\/span>\n<\/div><\/figure>\n\n\n\n<p class=\"wp-block-paragraph\"><strong><em>Icona Pop<\/em><\/strong> han vuelto despu\u00e9s de su <strong><em>you&#8217;re free<\/em><\/strong> de 2022 con ansia de ser canci\u00f3n del verano se qued\u00f3 en poco o nada para lo que suele hacer el grupo. 9 millones de reproducciones en spotify por ejemplo, cuando lo normal es que supere los 20 millones. Quiz\u00e1 por eso se al\u00edan con <strong><em>Galantis<\/em><\/strong> para hacer otro tema dance, que este a\u00f1o no se guardan, lo sacan en febrero, para a\u00f1adirle otro en breve e intentar de nuevo ser canci\u00f3n del verano europeo. \u00bfLo conseguir\u00e1n? No s\u00e9&#8230; los 650 millones de repdroducciones de su conocido <strong><em>I love it<\/em><\/strong>, versionado intensamente por las <strong><em>Nancys Rubias<\/em><\/strong> parecen ser un objetivo complicado de volver a conseguir.<\/p>\n\n\n\n<figure class=\"wp-block-embed is-type-video is-provider-youtube wp-block-embed-youtube wp-embed-aspect-16-9 wp-has-aspect-ratio\"><div class=\"wp-block-embed__wrapper\">\n<span class=\"embed-youtube\" style=\"text-align:center; display: block;\"><iframe loading=\"lazy\" class=\"youtube-player\" width=\"640\" height=\"360\" src=\"https:\/\/www.youtube.com\/embed\/v_bDR1r3Hmw?version=3&#038;rel=1&#038;showsearch=0&#038;showinfo=1&#038;iv_load_policy=1&#038;fs=1&#038;hl=es-ES&#038;autohide=2&#038;wmode=transparent\" allowfullscreen=\"true\" style=\"border:0;\" sandbox=\"allow-scripts allow-same-origin allow-popups allow-presentation allow-popups-to-escape-sandbox\"><\/iframe><\/span>\n<\/div><\/figure>\n\n\n\n<div class=\"wp-block-media-text alignwide is-stacked-on-mobile\" style=\"grid-template-columns:30% auto\"><figure class=\"wp-block-media-text__media\"><img data-recalc-dims=\"1\" loading=\"lazy\" decoding=\"async\" width=\"2560\" height=\"2560\" data-attachment-id=\"1020\" data-permalink=\"https:\/\/2solesmusica.com\/?attachment_id=1020\" data-orig-file=\"https:\/\/i0.wp.com\/2solesmusica.com\/wp-content\/uploads\/2023\/02\/pipiolas-scaled-1.jpg?fit=2560%2C2560&amp;ssl=1\" data-orig-size=\"2560,2560\" data-comments-opened=\"1\" data-image-meta=\"{&quot;aperture&quot;:&quot;0&quot;,&quot;credit&quot;:&quot;&quot;,&quot;camera&quot;:&quot;&quot;,&quot;caption&quot;:&quot;&quot;,&quot;created_timestamp&quot;:&quot;0&quot;,&quot;copyright&quot;:&quot;&quot;,&quot;focal_length&quot;:&quot;0&quot;,&quot;iso&quot;:&quot;0&quot;,&quot;shutter_speed&quot;:&quot;0&quot;,&quot;title&quot;:&quot;&quot;,&quot;orientation&quot;:&quot;0&quot;}\" data-image-title=\"pipiolas-scaled-1\" data-image-description=\"\" data-image-caption=\"\" data-large-file=\"https:\/\/i0.wp.com\/2solesmusica.com\/wp-content\/uploads\/2023\/02\/pipiolas-scaled-1.jpg?fit=1024%2C1024&amp;ssl=1\" src=\"https:\/\/i0.wp.com\/2solesmusica.com\/wp-content\/uploads\/2023\/02\/pipiolas-scaled-1.jpg?resize=2560%2C2560&#038;ssl=1\" alt=\"\" class=\"wp-image-1020 size-full\" \/><\/figure><div class=\"wp-block-media-text__content\">\n<p class=\"wp-block-paragraph\"><strong><em>Pipiolas<\/em><\/strong>&#8230; \u00ab<em><strong>s\u00f3lo quiero diazep\u00e1n<\/strong><\/em>\u00ab, despu\u00e9s del EP <strong><em>el verano que me debes<\/em><\/strong> han vuelto con este himno de sus 27 a\u00f1os. Te corto y pego la descripci\u00f3n que hace <strong><em>Elefant<\/em><\/strong> en el canal de youtube para presentar esta canci\u00f3n. Es clara, contundente y estamos totalmente deacuerdo con ella.<\/p>\n\n\n\n<p class=\"wp-block-paragraph\">\u00ab<em>Con la tensi\u00f3n de M83, la contundencia r\u00edtmica de <strong>THE WEEKND<\/strong> o <strong>DAFT PUNK<\/strong>, y el lirismo de <strong>Bj\u00f6rk<\/strong>, sumando ese poso a VAINICA DOBLE en las letras y las evocaciones de <strong>Jeanette <\/strong>que les da ese aura de excepcionalidad, la sensaci\u00f3n de que ellas est\u00e1n pisando un terreno en el que nadie se hab\u00eda atrevido a entrar hasta ahora. Inyectando recitados y spoken-word entre un estribillo que rebosa pop multicolor construyen una f\u00e1bula sobre la lucha con uno mismo<\/em>\u00ab. Citado desde youtube.<\/p>\n<\/div><\/div>\n\n\n\n<figure class=\"wp-block-embed is-type-video is-provider-youtube wp-block-embed-youtube wp-embed-aspect-16-9 wp-has-aspect-ratio\"><div class=\"wp-block-embed__wrapper\">\n<span class=\"embed-youtube\" style=\"text-align:center; display: block;\"><iframe loading=\"lazy\" class=\"youtube-player\" width=\"640\" height=\"360\" src=\"https:\/\/www.youtube.com\/embed\/C6jKudDsnlI?version=3&#038;rel=1&#038;showsearch=0&#038;showinfo=1&#038;iv_load_policy=1&#038;fs=1&#038;hl=es-ES&#038;autohide=2&#038;wmode=transparent\" allowfullscreen=\"true\" style=\"border:0;\" sandbox=\"allow-scripts allow-same-origin allow-popups allow-presentation allow-popups-to-escape-sandbox\"><\/iframe><\/span>\n<\/div><\/figure>\n\n\n\n<p class=\"wp-block-paragraph\"><strong><em>_juno<\/em><\/strong> es el proyecto de <em><strong>Zahara <\/strong><\/em>con <em><strong>Mart\u00ed Perarnau<\/strong><\/em> y es maravilla. Con lo rarito que soy yo para lo nacional en esta play de febrero hay al menos 3 cosas en castellano, y la verdad que este LP <em><strong>_BCN747<\/strong><\/em> deb\u00eda estar. <em><strong>_La canci\u00f3n que no vas a hacer hoy<\/strong><\/em> y esa frasecita &#8230;\u00bfd<em>\u00f3nde guardo los recuerdos que no he vivido<\/em>? nos trae un poco loquitos.<\/p>\n\n\n\n<figure class=\"wp-block-embed is-type-video is-provider-youtube wp-block-embed-youtube wp-embed-aspect-4-3 wp-has-aspect-ratio\"><div class=\"wp-block-embed__wrapper\">\n<span class=\"embed-youtube\" style=\"text-align:center; display: block;\"><iframe loading=\"lazy\" class=\"youtube-player\" width=\"640\" height=\"360\" src=\"https:\/\/www.youtube.com\/embed\/guh5_uIQvU0?version=3&#038;rel=1&#038;showsearch=0&#038;showinfo=1&#038;iv_load_policy=1&#038;fs=1&#038;hl=es-ES&#038;autohide=2&#038;wmode=transparent\" allowfullscreen=\"true\" style=\"border:0;\" sandbox=\"allow-scripts allow-same-origin allow-popups allow-presentation allow-popups-to-escape-sandbox\"><\/iframe><\/span>\n<\/div><\/figure>\n\n\n\n<p class=\"wp-block-paragraph\"><strong><em>Foals<\/em><\/strong> son habituales, y aunque esta canci\u00f3n ya tiene unos meses por lo que sea durante febrero ha estado vuelta y vuelta y vuelta&#8230; ha sido un complemento perfecto para nuestro febrero loco \u00a1t\u00eda!.<\/p>\n\n\n\n<figure class=\"wp-block-embed is-type-video is-provider-youtube wp-block-embed-youtube wp-embed-aspect-16-9 wp-has-aspect-ratio\"><div class=\"wp-block-embed__wrapper\">\n<span class=\"embed-youtube\" style=\"text-align:center; display: block;\"><iframe loading=\"lazy\" class=\"youtube-player\" width=\"640\" height=\"360\" src=\"https:\/\/www.youtube.com\/embed\/AnifpkJO3gk?version=3&#038;rel=1&#038;showsearch=0&#038;showinfo=1&#038;iv_load_policy=1&#038;fs=1&#038;hl=es-ES&#038;autohide=2&#038;wmode=transparent\" allowfullscreen=\"true\" style=\"border:0;\" sandbox=\"allow-scripts allow-same-origin allow-popups allow-presentation allow-popups-to-escape-sandbox\"><\/iframe><\/span>\n<\/div><\/figure>\n\n\n\n<div class=\"wp-block-media-text alignwide is-stacked-on-mobile\" style=\"grid-template-columns:30% auto\"><figure class=\"wp-block-media-text__media\"><img data-recalc-dims=\"1\" loading=\"lazy\" decoding=\"async\" width=\"256\" height=\"256\" data-attachment-id=\"1046\" data-permalink=\"https:\/\/2solesmusica.com\/?attachment_id=1046\" data-orig-file=\"https:\/\/i0.wp.com\/2solesmusica.com\/wp-content\/uploads\/2023\/02\/yotto.webp?fit=256%2C256&amp;ssl=1\" data-orig-size=\"256,256\" data-comments-opened=\"1\" data-image-meta=\"{&quot;aperture&quot;:&quot;0&quot;,&quot;credit&quot;:&quot;&quot;,&quot;camera&quot;:&quot;&quot;,&quot;caption&quot;:&quot;&quot;,&quot;created_timestamp&quot;:&quot;0&quot;,&quot;copyright&quot;:&quot;&quot;,&quot;focal_length&quot;:&quot;0&quot;,&quot;iso&quot;:&quot;0&quot;,&quot;shutter_speed&quot;:&quot;0&quot;,&quot;title&quot;:&quot;&quot;,&quot;orientation&quot;:&quot;0&quot;}\" data-image-title=\"yotto\" data-image-description=\"\" data-image-caption=\"\" data-large-file=\"https:\/\/i0.wp.com\/2solesmusica.com\/wp-content\/uploads\/2023\/02\/yotto.webp?fit=256%2C256&amp;ssl=1\" src=\"https:\/\/i0.wp.com\/2solesmusica.com\/wp-content\/uploads\/2023\/02\/yotto.webp?resize=256%2C256&#038;ssl=1\" alt=\"\" class=\"wp-image-1046 size-full\" \/><\/figure><div class=\"wp-block-media-text__content\">\n<p class=\"wp-block-paragraph\"><strong><em>Yotto <\/em><\/strong>es DJ y productor, y chico bien&#8230; y guaperas&#8230; pero el secreto de su \u00e9xito no es ese, sino que sabe producir como nadie&#8230; es elegante, muy fino, y a la vez muy generoso con lo que hace. Junto a <strong><em>Lost Boy<\/em><\/strong> ha hecho esta delicia de programaci\u00f3n electr\u00f3nica en <strong><em>just the kinda feeling<\/em><\/strong> que es innegable que eso lo va a petar en esos clubs elegantes de costa azul&#8230;<\/p>\n<\/div><\/div>\n\n\n\n<figure class=\"wp-block-embed is-type-video is-provider-youtube wp-block-embed-youtube wp-embed-aspect-16-9 wp-has-aspect-ratio\"><div class=\"wp-block-embed__wrapper\">\n<span class=\"embed-youtube\" style=\"text-align:center; display: block;\"><iframe loading=\"lazy\" class=\"youtube-player\" width=\"640\" height=\"360\" src=\"https:\/\/www.youtube.com\/embed\/P-NO2i6MIzQ?version=3&#038;rel=1&#038;showsearch=0&#038;showinfo=1&#038;iv_load_policy=1&#038;fs=1&#038;hl=es-ES&#038;autohide=2&#038;wmode=transparent\" allowfullscreen=\"true\" style=\"border:0;\" sandbox=\"allow-scripts allow-same-origin allow-popups allow-presentation allow-popups-to-escape-sandbox\"><\/iframe><\/span>\n<\/div><\/figure>\n\n\n\n<p class=\"wp-block-paragraph\">Nuestro <strong><em>Jack Shears<\/em><\/strong> aka <strong><em>Sccisors Sisters<\/em><\/strong>, nos acaba de sorprender con el dato de que tendr\u00e1 nuevo \u00e1lbum, <strong><em>last m\u00e1n dancing<\/em><\/strong>, en breve. Y nos adelanta temazo discotequero ochentero con su clip y todo, que tienes que ver hasta el \u00faltimo fotograma porque \u00a1ay amiga! Jake te enga\u00f1a un poquito&#8230; \u00a1no se ha cambiado de acera!<\/p>\n\n\n\n<figure class=\"wp-block-embed is-type-video is-provider-youtube wp-block-embed-youtube wp-embed-aspect-16-9 wp-has-aspect-ratio\"><div class=\"wp-block-embed__wrapper\">\n<span class=\"embed-youtube\" style=\"text-align:center; display: block;\"><iframe loading=\"lazy\" class=\"youtube-player\" width=\"640\" height=\"360\" src=\"https:\/\/www.youtube.com\/embed\/x7OFptjex0Y?version=3&#038;rel=1&#038;showsearch=0&#038;showinfo=1&#038;iv_load_policy=1&#038;fs=1&#038;hl=es-ES&#038;autohide=2&#038;wmode=transparent\" allowfullscreen=\"true\" style=\"border:0;\" sandbox=\"allow-scripts allow-same-origin allow-popups allow-presentation allow-popups-to-escape-sandbox\"><\/iframe><\/span>\n<\/div><\/figure>\n\n\n\n<p class=\"wp-block-paragraph\"><strong><em>Blackpanda <\/em><\/strong>atacan de nuevo, en la descripci\u00f3n de su clip dicen \u00ab<em>para todxs lxs que sois de poniente, de soltarlo y dejaros llevar&#8230;<\/em>\u00ab, pues eso, amiga, d\u00e9jate llevar donde te lleve Blackpanda <strong><em>como si nada<\/em><\/strong>.<\/p>\n\n\n\n<figure class=\"wp-block-embed is-type-video is-provider-youtube wp-block-embed-youtube wp-embed-aspect-4-3 wp-has-aspect-ratio\"><div class=\"wp-block-embed__wrapper\">\n<span class=\"embed-youtube\" style=\"text-align:center; display: block;\"><iframe loading=\"lazy\" class=\"youtube-player\" width=\"640\" height=\"360\" src=\"https:\/\/www.youtube.com\/embed\/KY7Nj-EAmfc?version=3&#038;rel=1&#038;showsearch=0&#038;showinfo=1&#038;iv_load_policy=1&#038;fs=1&#038;hl=es-ES&#038;autohide=2&#038;wmode=transparent\" allowfullscreen=\"true\" style=\"border:0;\" sandbox=\"allow-scripts allow-same-origin allow-popups allow-presentation allow-popups-to-escape-sandbox\"><\/iframe><\/span>\n<\/div><\/figure>\n\n\n\n<div class=\"wp-block-media-text alignwide is-stacked-on-mobile\" style=\"grid-template-columns:30% auto\"><figure class=\"wp-block-media-text__media\"><img data-recalc-dims=\"1\" loading=\"lazy\" decoding=\"async\" width=\"1200\" height=\"1200\" data-attachment-id=\"1052\" data-permalink=\"https:\/\/2solesmusica.com\/?attachment_id=1052\" data-orig-file=\"https:\/\/i0.wp.com\/2solesmusica.com\/wp-content\/uploads\/2023\/02\/sadmadonna.jpg?fit=1200%2C1200&amp;ssl=1\" data-orig-size=\"1200,1200\" data-comments-opened=\"1\" data-image-meta=\"{&quot;aperture&quot;:&quot;0&quot;,&quot;credit&quot;:&quot;&quot;,&quot;camera&quot;:&quot;&quot;,&quot;caption&quot;:&quot;&quot;,&quot;created_timestamp&quot;:&quot;0&quot;,&quot;copyright&quot;:&quot;&quot;,&quot;focal_length&quot;:&quot;0&quot;,&quot;iso&quot;:&quot;0&quot;,&quot;shutter_speed&quot;:&quot;0&quot;,&quot;title&quot;:&quot;&quot;,&quot;orientation&quot;:&quot;0&quot;}\" data-image-title=\"sadmadonna\" data-image-description=\"\" data-image-caption=\"\" data-large-file=\"https:\/\/i0.wp.com\/2solesmusica.com\/wp-content\/uploads\/2023\/02\/sadmadonna.jpg?fit=1024%2C1024&amp;ssl=1\" src=\"https:\/\/i0.wp.com\/2solesmusica.com\/wp-content\/uploads\/2023\/02\/sadmadonna.jpg?resize=1200%2C1200&#038;ssl=1\" alt=\"\" class=\"wp-image-1052 size-full\" \/><\/figure><div class=\"wp-block-media-text__content\">\n<p class=\"wp-block-paragraph\"><strong><em>Sad Madonna<\/em><\/strong> hacen <em>dramatic dance<\/em>. Su propio estilo, que est\u00e1 sonando mucho por los clubs europeos, mientras en Espa\u00f1a estamos pasando de fen\u00f3meno del reguet\u00f3n al free style y al hadcore m\u00e1s brutal en unos meses. Las nuevas generaciones acaban de enamorarse del bailar hasta morir debido a las noticias de las raves clandestinas y a series de TV que recuperan la cultura de club valenciana.<\/p>\n<\/div><\/div>\n\n\n\n<p class=\"wp-block-paragraph\">En Europa todo es diferente, y esa vuelta al <em>dark pop<\/em> y al <em>dark dance<\/em>, y al <em>shythpop<\/em> a nosotros nos encanta.<\/p>\n\n\n\n<figure class=\"wp-block-embed is-type-video is-provider-youtube wp-block-embed-youtube wp-embed-aspect-16-9 wp-has-aspect-ratio\"><div class=\"wp-block-embed__wrapper\">\n<span class=\"embed-youtube\" style=\"text-align:center; display: block;\"><iframe loading=\"lazy\" class=\"youtube-player\" width=\"640\" height=\"360\" src=\"https:\/\/www.youtube.com\/embed\/4BmnOn6Us9g?version=3&#038;rel=1&#038;showsearch=0&#038;showinfo=1&#038;iv_load_policy=1&#038;fs=1&#038;hl=es-ES&#038;autohide=2&#038;wmode=transparent\" allowfullscreen=\"true\" style=\"border:0;\" sandbox=\"allow-scripts allow-same-origin allow-popups allow-presentation allow-popups-to-escape-sandbox\"><\/iframe><\/span>\n<\/div><\/figure>\n\n\n\n<div class=\"wp-block-media-text alignwide is-stacked-on-mobile\" style=\"grid-template-columns:30% auto\"><figure class=\"wp-block-media-text__media\"><img data-recalc-dims=\"1\" loading=\"lazy\" decoding=\"async\" width=\"791\" height=\"791\" data-attachment-id=\"1011\" data-permalink=\"https:\/\/2solesmusica.com\/?attachment_id=1011\" data-orig-file=\"https:\/\/i0.wp.com\/2solesmusica.com\/wp-content\/uploads\/2023\/02\/french-79.webp?fit=791%2C791&amp;ssl=1\" data-orig-size=\"791,791\" data-comments-opened=\"1\" data-image-meta=\"{&quot;aperture&quot;:&quot;0&quot;,&quot;credit&quot;:&quot;&quot;,&quot;camera&quot;:&quot;&quot;,&quot;caption&quot;:&quot;&quot;,&quot;created_timestamp&quot;:&quot;0&quot;,&quot;copyright&quot;:&quot;&quot;,&quot;focal_length&quot;:&quot;0&quot;,&quot;iso&quot;:&quot;0&quot;,&quot;shutter_speed&quot;:&quot;0&quot;,&quot;title&quot;:&quot;&quot;,&quot;orientation&quot;:&quot;0&quot;}\" data-image-title=\"french-79\" data-image-description=\"\" data-image-caption=\"\" data-large-file=\"https:\/\/i0.wp.com\/2solesmusica.com\/wp-content\/uploads\/2023\/02\/french-79.webp?fit=791%2C791&amp;ssl=1\" src=\"https:\/\/i0.wp.com\/2solesmusica.com\/wp-content\/uploads\/2023\/02\/french-79.webp?resize=791%2C791&#038;ssl=1\" alt=\"\" class=\"wp-image-1011 size-full\" \/><\/figure><div class=\"wp-block-media-text__content\">\n<p class=\"wp-block-paragraph\">El franc\u00e9s <strong><em>French 79<\/em><\/strong> (<em>Sim\u00f3n Henner<\/em>) nos tiene bastante contentos, porque acaba de adelantar otro single de lo que ser\u00e1 su inminente LP que esperamos vea la luz este mismo 2023. <strong><em>Burning Legend<\/em><\/strong> es un temazo dance de corte ecologista, que al grito de \u00a1despierta! intenta alentar a los fans del grupo a tomar la iniciativa. Las se\u00f1ales han dejado de serlo para convertirse en realidades, cambios en el clima de tipo irreversible que nos llevan a la destrucci\u00f3n. Chica, rel\u00e1jate, apaga la luz&#8230; y escucha esto a oscuras.<\/p>\n<\/div><\/div>\n\n\n\n<figure class=\"wp-block-embed is-type-video is-provider-youtube wp-block-embed-youtube wp-embed-aspect-16-9 wp-has-aspect-ratio\"><div class=\"wp-block-embed__wrapper\">\n<span class=\"embed-youtube\" style=\"text-align:center; display: block;\"><iframe loading=\"lazy\" class=\"youtube-player\" width=\"640\" height=\"360\" src=\"https:\/\/www.youtube.com\/embed\/96klfx_1cos?version=3&#038;rel=1&#038;showsearch=0&#038;showinfo=1&#038;iv_load_policy=1&#038;fs=1&#038;hl=es-ES&#038;autohide=2&#038;wmode=transparent\" allowfullscreen=\"true\" style=\"border:0;\" sandbox=\"allow-scripts allow-same-origin allow-popups allow-presentation allow-popups-to-escape-sandbox\"><\/iframe><\/span>\n<\/div><figcaption class=\"wp-element-caption\">FRENCH 79 &#8211; Burning Legend<\/figcaption><\/figure>\n\n\n\n<p class=\"wp-block-paragraph\"><strong><em>MeLLLo <\/em><\/strong>es un proyecto en solitario de <em><strong>Marianthi<\/strong><\/em>, una de las partes del d\u00fao <strong><em>Marsheaux<\/em><\/strong>, que se hace acompa\u00f1ar para otros trabajos muchas veces de <strong><em>Nikonn<\/em><\/strong>, productor brit\u00e1nico muy relacionado con el ambient y el electro, adem\u00e1s de ser un conocido Dj. La cuesti\u00f3n es que la primera, lleva sacando canciones a\u00f1o y medio. Singles sueltos a raz\u00f3n de uno o dos al trimestre. Le gusta este sistema de elaborar canciones, sacarlas y ver qu\u00e9 pasa. En ning\u00fan momento ha pensado reunirlas todas en un LP, o hacer varios EPS, tiene claro que su formato y su mercado es el digital.<\/p>\n\n\n\n<p class=\"wp-block-paragraph\">La melod\u00eda, cada vez m\u00e1s elaborada, el ambient, cada vez m\u00e1s conseguido, y se respira madurez en cada tema. A nosotros nos encanta. <strong><em>Pulse<\/em><\/strong> es lo nuevo.<\/p>\n\n\n\n<figure class=\"wp-block-embed is-type-video is-provider-youtube wp-block-embed-youtube wp-embed-aspect-16-9 wp-has-aspect-ratio\"><div class=\"wp-block-embed__wrapper\">\n<span class=\"embed-youtube\" style=\"text-align:center; display: block;\"><iframe loading=\"lazy\" class=\"youtube-player\" width=\"640\" height=\"360\" src=\"https:\/\/www.youtube.com\/embed\/3IT7aDEPGSc?version=3&#038;rel=1&#038;showsearch=0&#038;showinfo=1&#038;iv_load_policy=1&#038;fs=1&#038;hl=es-ES&#038;autohide=2&#038;wmode=transparent\" allowfullscreen=\"true\" style=\"border:0;\" sandbox=\"allow-scripts allow-same-origin allow-popups allow-presentation allow-popups-to-escape-sandbox\"><\/iframe><\/span>\n<\/div><\/figure>\n\n\n\n<p class=\"wp-block-paragraph\"><strong><em>Loreen<\/em><\/strong> se ha colado por aqu\u00ed tambi\u00e9n por varias causas. Es una artista infravalorada, eso lo primero. Haber ganado Eurovision con <em><strong>Euphoria <\/strong><\/em>la lanz\u00f3 al estrellato mundial con la misma velocidad con la que luego la enterr\u00f3 y no la dej\u00f3 tener ni un \u00e9xito m\u00e1s a pesar de sus intentos y sus buenas canciones. <\/p>\n\n\n\n<p class=\"wp-block-paragraph\">Se convirti\u00f3 en carne de <em><strong>melodifestivalen <\/strong><\/em>y se ha presentado en una ocasi\u00f3n m\u00e1s despu\u00e9s de ganar para intenar al menos ocupar espacio en Tv, y este a\u00f1o parece haber besado el mismo santo que la llev\u00f3 a <em><strong>Eurovisi\u00f3n<\/strong><\/em>, y vuelve a conseguir llamar la atenci\u00f3n del planeta con <em><strong>Tattoo<\/strong><\/em>. No sabemos a d\u00eda de hoy el alcance que esto tendr\u00e1 pero la canci\u00f3n, llena de INSPIRACI\u00d3N de otros artistas se ha colado por todas partes como si fuera ella <em>Shakira <\/em>cant\u00e1ntole a <em>Piqu\u00e9<\/em>.<\/p>\n\n\n\n<p class=\"wp-block-paragraph\">Su presentaci\u00f3n en directo se ha convertido en carne de meme, al coincidir todos los haters en que quiz\u00e1 muera aplastada en Liverpool cuando se derrumbe el techo sobre ella.<\/p>\n\n\n\n<figure class=\"wp-block-embed is-type-video is-provider-youtube wp-block-embed-youtube wp-embed-aspect-16-9 wp-has-aspect-ratio\"><div class=\"wp-block-embed__wrapper\">\n<span class=\"embed-youtube\" style=\"text-align:center; display: block;\"><iframe loading=\"lazy\" class=\"youtube-player\" width=\"640\" height=\"360\" src=\"https:\/\/www.youtube.com\/embed\/R7mCELuFz5I?version=3&#038;rel=1&#038;showsearch=0&#038;showinfo=1&#038;iv_load_policy=1&#038;fs=1&#038;hl=es-ES&#038;autohide=2&#038;wmode=transparent\" allowfullscreen=\"true\" style=\"border:0;\" sandbox=\"allow-scripts allow-same-origin allow-popups allow-presentation allow-popups-to-escape-sandbox\"><\/iframe><\/span>\n<\/div><\/figure>\n\n\n\n<p class=\"wp-block-paragraph\"><strong><em>PUTILATEX <\/em><\/strong>publica clip para <em><strong>todos mis amigos me caen mal<\/strong><\/em> y claro, tenemos que compartirlo con todas nuestras pedazo de putas amigas. Esto est\u00e1 incluido en el EP pasan droga, que contiene el inolvidable mi droga, y la santa inquisici\u00f3n que deber\u00edan ser tus canciones que tienes escritas en la funda de tu almohada.<\/p>\n\n\n\n<figure class=\"wp-block-embed is-type-video is-provider-youtube wp-block-embed-youtube wp-embed-aspect-16-9 wp-has-aspect-ratio\"><div class=\"wp-block-embed__wrapper\">\n<span class=\"embed-youtube\" style=\"text-align:center; display: block;\"><iframe loading=\"lazy\" class=\"youtube-player\" width=\"640\" height=\"360\" src=\"https:\/\/www.youtube.com\/embed\/ykaSiv6rkL4?version=3&#038;rel=1&#038;showsearch=0&#038;showinfo=1&#038;iv_load_policy=1&#038;fs=1&#038;hl=es-ES&#038;autohide=2&#038;wmode=transparent\" allowfullscreen=\"true\" style=\"border:0;\" sandbox=\"allow-scripts allow-same-origin allow-popups allow-presentation allow-popups-to-escape-sandbox\"><\/iframe><\/span>\n<\/div><\/figure>\n\n\n\n<p class=\"wp-block-paragraph\">Etienne Daho nos van a poner el puntito de canci\u00f3n francesa, de elegancia y de saber estar en una fiesta. Boyfriend es una peque\u00f1a joya.<\/p>\n\n\n\n<figure class=\"wp-block-embed is-type-video is-provider-youtube wp-block-embed-youtube wp-embed-aspect-16-9 wp-has-aspect-ratio\"><div class=\"wp-block-embed__wrapper\">\n<span class=\"embed-youtube\" style=\"text-align:center; display: block;\"><iframe loading=\"lazy\" class=\"youtube-player\" width=\"640\" height=\"360\" src=\"https:\/\/www.youtube.com\/embed\/N2gO4m_GO68?version=3&#038;rel=1&#038;showsearch=0&#038;showinfo=1&#038;iv_load_policy=1&#038;fs=1&#038;hl=es-ES&#038;autohide=2&#038;wmode=transparent\" allowfullscreen=\"true\" style=\"border:0;\" sandbox=\"allow-scripts allow-same-origin allow-popups allow-presentation allow-popups-to-escape-sandbox\"><\/iframe><\/span>\n<\/div><\/figure>\n\n\n\n<p class=\"wp-block-paragraph\"><strong><em>LM. ORG<\/em><\/strong>, acaba de sacar un LP de m\u00e1s de 4 horas&#8230; \u00bftienes tiempo? <strong><em>Stardust Lounge Hotel<\/em><\/strong> tiene 56 canciones. No voy a contarte mucho m\u00e1s de esta organizaci\u00f3n y de sus publicaciones. Es mejor que lo descubras t\u00fa.<\/p>\n\n\n\n<figure class=\"wp-block-embed is-type-rich is-provider-spotify wp-block-embed-spotify wp-embed-aspect-21-9 wp-has-aspect-ratio\"><div class=\"wp-block-embed__wrapper\">\n<div class=\"embed-spotify\"><iframe title=\"Spotify Embed: Pilots\" style=\"border-radius: 12px\" width=\"100%\" height=\"152\" frameborder=\"0\" allowfullscreen allow=\"autoplay; clipboard-write; encrypted-media; fullscreen; picture-in-picture\" loading=\"lazy\" src=\"https:\/\/open.spotify.com\/embed\/track\/2UgN6mmVUoRXy23gVw6yPL?si=f1a29ad8bc9f416f&#038;utm_source=oembed\"><\/iframe><\/div>\n<\/div><\/figure>\n\n\n\n<p class=\"wp-block-paragraph\"><strong><em>Jonatan Bree<\/em><\/strong>, es un confirmado del <strong><em><a href=\"https:\/\/canelaparty.com\/\" target=\"_blank\" rel=\"noreferrer noopener\">Canela Party<\/a><\/em><\/strong>, pero en la p\u00e1gina web del artista no aparece dentro de su gira europea&#8230; por tanto, tenemos esas duda que nos impide porder dormir. Su nuevo LP se publica en breve pero nos ha adelantado single con Nile Rodgers.<\/p>\n\n\n\n<figure class=\"wp-block-embed is-type-video is-provider-youtube wp-block-embed-youtube wp-embed-aspect-16-9 wp-has-aspect-ratio\"><div class=\"wp-block-embed__wrapper\">\n<span class=\"embed-youtube\" style=\"text-align:center; display: block;\"><iframe loading=\"lazy\" class=\"youtube-player\" width=\"640\" height=\"360\" src=\"https:\/\/www.youtube.com\/embed\/RCv1OC4Z1n8?version=3&#038;rel=1&#038;showsearch=0&#038;showinfo=1&#038;iv_load_policy=1&#038;fs=1&#038;hl=es-ES&#038;autohide=2&#038;wmode=transparent\" allowfullscreen=\"true\" style=\"border:0;\" sandbox=\"allow-scripts allow-same-origin allow-popups allow-presentation allow-popups-to-escape-sandbox\"><\/iframe><\/span>\n<\/div><\/figure>\n\n\n\n<p class=\"wp-block-paragraph\"><strong><em>M83 <\/em><\/strong>acaba de sacar un desconcertante EP instrumental con un \u00fanico tema con letra que os reproducimos m\u00e1s abajo. <em><strong>Amnesia <\/strong><\/em>es adelanto de un nuevo LP que viene adornado con 7 temas instrumentales en su EP <em><strong>Fantasy<\/strong><\/em>. Es decir lo que necesitamos en nuestro mundo de unicornios&#8230; m\u00e1s fantas\u00eda \u00a1t\u00eda!<\/p>\n\n\n\n<figure class=\"wp-block-embed is-type-video is-provider-youtube wp-block-embed-youtube wp-embed-aspect-16-9 wp-has-aspect-ratio\"><div class=\"wp-block-embed__wrapper\">\n<span class=\"embed-youtube\" style=\"text-align:center; display: block;\"><iframe loading=\"lazy\" class=\"youtube-player\" width=\"640\" height=\"360\" src=\"https:\/\/www.youtube.com\/embed\/6zNqhzl2Qv0?version=3&#038;rel=1&#038;showsearch=0&#038;showinfo=1&#038;iv_load_policy=1&#038;fs=1&#038;hl=es-ES&#038;autohide=2&#038;wmode=transparent\" allowfullscreen=\"true\" style=\"border:0;\" sandbox=\"allow-scripts allow-same-origin allow-popups allow-presentation allow-popups-to-escape-sandbox\"><\/iframe><\/span>\n<\/div><\/figure>\n\n\n\n<p class=\"wp-block-paragraph\"><strong><em>Digging Deeper<\/em><\/strong> y <strong><em>Fever<\/em><\/strong>, son los dos singles adelanto de <em><strong>Alison Goldfrapp<\/strong><\/em> jungo a <strong><em>Paul Woolford<\/em><\/strong> y <strong><em>Claptone<\/em><\/strong>. O sea, se avecina algo maravilloso e importante y no nos quedan u\u00f1as que comernos&#8230; Mientras tanto el v\u00eddeo.<\/p>\n\n\n\n<figure class=\"wp-block-embed is-type-video is-provider-youtube wp-block-embed-youtube wp-embed-aspect-16-9 wp-has-aspect-ratio\"><div class=\"wp-block-embed__wrapper\">\n<span class=\"embed-youtube\" style=\"text-align:center; display: block;\"><iframe loading=\"lazy\" class=\"youtube-player\" width=\"640\" height=\"360\" src=\"https:\/\/www.youtube.com\/embed\/cow7-z-5u-Q?version=3&#038;rel=1&#038;showsearch=0&#038;showinfo=1&#038;iv_load_policy=1&#038;fs=1&#038;hl=es-ES&#038;autohide=2&#038;wmode=transparent\" allowfullscreen=\"true\" style=\"border:0;\" sandbox=\"allow-scripts allow-same-origin allow-popups allow-presentation allow-popups-to-escape-sandbox\"><\/iframe><\/span>\n<\/div><\/figure>\n\n\n\n<p class=\"wp-block-paragraph\"><strong><em>La Prohibida<\/em><\/strong> y <strong><em>Algora <\/em><\/strong>han hecho el mejor disco de sus carreras y ha tenido que ser de nuevo juntos. <em><strong>El agua y el rayo<\/strong><\/em> esconde entre sus 11 canciones colaboraciones con Joe Crep\u00fasculo y Estrella Morente. La venta del CD se hace exclusivamente a trav\u00e9s de la web del grupo <a href=\"https:\/\/ultradiscos.bigcartel.com\/\">en este enlace<\/a>. No se distribuye en tiendas al ser un proyecto como todos los de La Prohibida de \u00abyo me lo guiso y yo me lo como\u00bb. Desde aqu\u00ed los animamos a sacar una edici\u00f3n en VINILO.<\/p>\n\n\n\n<p class=\"wp-block-paragraph\">Ya estamos esperando el video para <em><strong>MORFINA <\/strong><\/em>que ser\u00e1 nuestra canci\u00f3n estrella para 2023, mientras tanto nos han dejado este <em><strong>pir\u00e1mide de rocio<\/strong><\/em>.<\/p>\n\n\n\n<figure class=\"wp-block-embed is-type-video is-provider-youtube wp-block-embed-youtube wp-embed-aspect-16-9 wp-has-aspect-ratio\"><div class=\"wp-block-embed__wrapper\">\n<span class=\"embed-youtube\" style=\"text-align:center; display: block;\"><iframe loading=\"lazy\" class=\"youtube-player\" width=\"640\" height=\"360\" src=\"https:\/\/www.youtube.com\/embed\/X_h6ig5SoAs?version=3&#038;rel=1&#038;showsearch=0&#038;showinfo=1&#038;iv_load_policy=1&#038;fs=1&#038;hl=es-ES&#038;autohide=2&#038;wmode=transparent\" allowfullscreen=\"true\" style=\"border:0;\" sandbox=\"allow-scripts allow-same-origin allow-popups allow-presentation allow-popups-to-escape-sandbox\"><\/iframe><\/span>\n<\/div><\/figure>\n\n\n\n<p class=\"wp-block-paragraph\">Es todo amigas&#8230; aqu\u00ed tienes la playlist en spotify para que le des a me gusta, para que te pronuncies sobre ella, para que la pongas a volumen muy alto, para que instruyas a tus vecinos en el poder de la m\u00fasica. \u00a1Dame amor!<\/p>\n\n\n\n<figure class=\"wp-block-embed is-type-rich is-provider-spotify wp-block-embed-spotify wp-embed-aspect-21-9 wp-has-aspect-ratio\"><div class=\"wp-block-embed__wrapper\">\n<div class=\"embed-spotify\"><iframe title=\"Spotify Embed: Febrero loco... pero por t\u00ed. Amor y electro\" style=\"border-radius: 12px\" width=\"100%\" height=\"352\" frameborder=\"0\" allowfullscreen allow=\"autoplay; clipboard-write; encrypted-media; fullscreen; picture-in-picture\" loading=\"lazy\" src=\"https:\/\/open.spotify.com\/embed\/playlist\/0mM9odzwTOFj42XsXlHGgk?si=96bf26bd0f684563&#038;utm_source=oembed\"><\/iframe><\/div>\n<\/div><\/figure>\n","protected":false},"excerpt":{"rendered":"<p>Esto es amor y electro: 25 canciones de nuestro febrero m\u00e1s electro&#8230; y pop&#8230; y yo qu\u00e9 s\u00e9 t\u00eda&#8230; si mi br\u00fajula no para de dar vueltas como posesa detr\u00e1s de cada m\u00e1gica melod\u00eda. Este es mi plan&#8230; mi burbuja vital que dir\u00eda Fangoria, mi mundo lleno de unicornios.<\/p>\n","protected":false},"author":37710108,"featured_media":1027,"comment_status":"open","ping_status":"open","sticky":false,"template":"","format":"standard","meta":{"_coblocks_attr":"","_coblocks_dimensions":"","_coblocks_responsive_height":"","_coblocks_accordion_ie_support":"","advanced_seo_description":"","jetpack_seo_html_title":"","jetpack_seo_noindex":false,"jetpack_seo_schema_type":"","_jetpack_newsletter_access":"","_jetpack_dont_email_post_to_subs":false,"_jetpack_newsletter_tier_id":0,"_jetpack_memberships_contains_paywalled_content":false,"_wpcom_ai_launchpad_first_post":false,"_jetpack_feature_clip_id":0,"_jetpack_memberships_contains_paid_content":false,"footnotes":"","jetpack_publicize_message":"","jetpack_publicize_feature_enabled":true,"jetpack_social_post_already_shared":false,"jetpack_social_options":{"image_generator_settings":{"template":"highway","default_image_id":0,"font":"","enabled":false},"version":2},"jetpack_post_was_ever_published":false},"categories":[3990,22764,6602830,227546889,310458],"tags":[700210270,8716,760335268,571061,755056884,760335273,151302192,791442931,760335272],"class_list":["post-1006","post","type-post","status-publish","format-standard","has-post-thumbnail","hentry","category-dance","category-electronic","category-new-wawe","category-pospunk","category-synthpop","tag-2solesmusica","tag-amor","tag-dorothy-club","tag-febrero","tag-febrero-2023","tag-festival-2soles","tag-musica-malaga","tag-playlist","tag-sala-conciertos-malaga"],"jetpack_publicize_connections":[],"jetpack_likes_enabled":true,"jetpack_sharing_enabled":true,"jetpack_shortlink":"https:\/\/wp.me\/p2AqRC-ge","jetpack_featured_media_url":"https:\/\/i0.wp.com\/2solesmusica.com\/wp-content\/uploads\/2023\/02\/febrero-loco-349680399-e1677526091184.jpg?fit=367%2C265&ssl=1","_links":{"self":[{"href":"https:\/\/2solesmusica.com\/index.php?rest_route=\/wp\/v2\/posts\/1006","targetHints":{"allow":["GET"]}}],"collection":[{"href":"https:\/\/2solesmusica.com\/index.php?rest_route=\/wp\/v2\/posts"}],"about":[{"href":"https:\/\/2solesmusica.com\/index.php?rest_route=\/wp\/v2\/types\/post"}],"author":[{"embeddable":true,"href":"https:\/\/2solesmusica.com\/index.php?rest_route=\/wp\/v2\/users\/37710108"}],"replies":[{"embeddable":true,"href":"https:\/\/2solesmusica.com\/index.php?rest_route=%2Fwp%2Fv2%2Fcomments&post=1006"}],"version-history":[{"count":24,"href":"https:\/\/2solesmusica.com\/index.php?rest_route=\/wp\/v2\/posts\/1006\/revisions"}],"predecessor-version":[{"id":1072,"href":"https:\/\/2solesmusica.com\/index.php?rest_route=\/wp\/v2\/posts\/1006\/revisions\/1072"}],"wp:featuredmedia":[{"embeddable":true,"href":"https:\/\/2solesmusica.com\/index.php?rest_route=\/wp\/v2\/media\/1027"}],"wp:attachment":[{"href":"https:\/\/2solesmusica.com\/index.php?rest_route=%2Fwp%2Fv2%2Fmedia&parent=1006"}],"wp:term":[{"taxonomy":"category","embeddable":true,"href":"https:\/\/2solesmusica.com\/index.php?rest_route=%2Fwp%2Fv2%2Fcategories&post=1006"},{"taxonomy":"post_tag","embeddable":true,"href":"https:\/\/2solesmusica.com\/index.php?rest_route=%2Fwp%2Fv2%2Ftags&post=1006"}],"curies":[{"name":"wp","href":"https:\/\/api.w.org\/{rel}","templated":true}]}}