{"id":1260,"date":"2023-04-26T10:00:00","date_gmt":"2023-04-26T08:00:00","guid":{"rendered":"https:\/\/2solesmusica.com\/?p=1260"},"modified":"2023-04-26T01:09:06","modified_gmt":"2023-04-25T23:09:06","slug":"por-que-pensamos-que-loreen-no-ganara-eurovision-2023-el-eurodrama-en-9-razones","status":"publish","type":"post","link":"https:\/\/2solesmusica.com\/?p=1260","title":{"rendered":"\u00bfPor qu\u00e9 pensamos que Loreen no ganar\u00e1 Eurovision 2023? El Eurodrama en 9 razones."},"content":{"rendered":"\n<h4 class=\"wp-block-heading has-normal-font-size\" style=\"font-style:normal;font-weight:400\"><em>Loreen, de verdadero nombre <strong>Lorine Zineb Nora Talhaoui\u200b, <\/strong>de ascendencia bereber, es la cantante sueca que representar\u00e1 a su pa\u00eds este 2023<strong>. <\/strong>Desde que se conoci\u00f3 su nombre como participante del Melodifestivalen se convirti\u00f3 en favorita, y triunfadora del festival de Eurovisi\u00f3n de este a\u00f1o, as\u00ed proclamada a gritos por los eurofans.<\/em><\/h4>\n\n\n\n<p class=\"wp-block-paragraph\">Pero la cosa est\u00e1 por ver, las apuestas la se\u00f1alan como un top 3 (3, 2 \u00f3 1), pero recordemos que estas casas est\u00e1n ah\u00ed para ganar dinero, y no van a decir claramente quien gana seg\u00fan sus m\u00faltiples sondeos, y juegan con esos datos para subir las apuestas sobre determinados artistas que finalmente quedar\u00e1n fuera de de este TOP 3.<\/p>\n\n\n\n<h2 class=\"wp-block-heading\"><strong><em>\u00bfPor qu\u00e9 Loreen otra vez?<\/em><\/strong> <\/h2>\n\n\n\n<p class=\"wp-block-paragraph\">Pues chica, no lo sabemos, pero corre el riesgo de convertirse en una pesada m\u00e1s de la TV.<\/p>\n\n\n\n<p class=\"wp-block-paragraph\"><strong><em>Loreen <\/em><\/strong>inicia su carrera a trav\u00e9s de un reality de talentos (Idol) que expulsaron en la gala de clasificaci\u00f3n (como Rosal\u00eda, t\u00eda), sin embargo el jurado la col\u00f3 tras una repesca, y aguant\u00f3 ocho semanas hasta ser eliminada y quedar como cuarta clasificada del <em>Idol 2004<\/em>.<\/p>\n\n\n\n<figure class=\"wp-block-gallery has-nested-images columns-default is-cropped wp-block-gallery-1 is-layout-flex wp-block-gallery-is-layout-flex\">\n<figure class=\"wp-block-image size-large\"><a href=\"https:\/\/i0.wp.com\/2solesmusica.com\/wp-content\/uploads\/2023\/04\/loreenidol2.jpg?ssl=1\"><img data-recalc-dims=\"1\" loading=\"lazy\" decoding=\"async\" width=\"480\" height=\"360\" data-attachment-id=\"1291\" data-permalink=\"https:\/\/2solesmusica.com\/?attachment_id=1291\" data-orig-file=\"https:\/\/i0.wp.com\/2solesmusica.com\/wp-content\/uploads\/2023\/04\/loreenidol2.jpg?fit=480%2C360&amp;ssl=1\" data-orig-size=\"480,360\" data-comments-opened=\"1\" data-image-meta=\"{&quot;aperture&quot;:&quot;0&quot;,&quot;credit&quot;:&quot;&quot;,&quot;camera&quot;:&quot;&quot;,&quot;caption&quot;:&quot;&quot;,&quot;created_timestamp&quot;:&quot;0&quot;,&quot;copyright&quot;:&quot;&quot;,&quot;focal_length&quot;:&quot;0&quot;,&quot;iso&quot;:&quot;0&quot;,&quot;shutter_speed&quot;:&quot;0&quot;,&quot;title&quot;:&quot;&quot;,&quot;orientation&quot;:&quot;0&quot;}\" data-image-title=\"loreenidol2\" data-image-description=\"\" data-image-caption=\"\" data-large-file=\"https:\/\/i0.wp.com\/2solesmusica.com\/wp-content\/uploads\/2023\/04\/loreenidol2.jpg?fit=480%2C360&amp;ssl=1\" data-id=\"1291\" src=\"https:\/\/i0.wp.com\/2solesmusica.com\/wp-content\/uploads\/2023\/04\/loreenidol2.jpg?resize=480%2C360&#038;ssl=1\" alt=\"\" class=\"wp-image-1291\" \/><\/a><\/figure>\n\n\n\n<figure class=\"wp-block-image size-large\"><a href=\"https:\/\/i0.wp.com\/2solesmusica.com\/wp-content\/uploads\/2023\/04\/lorenidol.jpg?ssl=1\"><img data-recalc-dims=\"1\" loading=\"lazy\" decoding=\"async\" width=\"1760\" height=\"1320\" data-attachment-id=\"1292\" data-permalink=\"https:\/\/2solesmusica.com\/?attachment_id=1292\" data-orig-file=\"https:\/\/i0.wp.com\/2solesmusica.com\/wp-content\/uploads\/2023\/04\/lorenidol.jpg?fit=1760%2C1320&amp;ssl=1\" data-orig-size=\"1760,1320\" data-comments-opened=\"1\" data-image-meta=\"{&quot;aperture&quot;:&quot;0&quot;,&quot;credit&quot;:&quot;&quot;,&quot;camera&quot;:&quot;&quot;,&quot;caption&quot;:&quot;&quot;,&quot;created_timestamp&quot;:&quot;0&quot;,&quot;copyright&quot;:&quot;&quot;,&quot;focal_length&quot;:&quot;0&quot;,&quot;iso&quot;:&quot;0&quot;,&quot;shutter_speed&quot;:&quot;0&quot;,&quot;title&quot;:&quot;&quot;,&quot;orientation&quot;:&quot;0&quot;}\" data-image-title=\"lorenidol\" data-image-description=\"\" data-image-caption=\"\" data-large-file=\"https:\/\/i0.wp.com\/2solesmusica.com\/wp-content\/uploads\/2023\/04\/lorenidol.jpg?fit=1024%2C768&amp;ssl=1\" data-id=\"1292\" src=\"https:\/\/i0.wp.com\/2solesmusica.com\/wp-content\/uploads\/2023\/04\/lorenidol.jpg?resize=1760%2C1320&#038;ssl=1\" alt=\"\" class=\"wp-image-1292\" \/><\/a><\/figure>\n\n\n\n<figure class=\"wp-block-image size-large\"><a href=\"https:\/\/i0.wp.com\/2solesmusica.com\/wp-content\/uploads\/2023\/04\/loreen.jpg?ssl=1\"><img data-recalc-dims=\"1\" loading=\"lazy\" decoding=\"async\" width=\"220\" height=\"330\" data-attachment-id=\"1293\" data-permalink=\"https:\/\/2solesmusica.com\/?attachment_id=1293\" data-orig-file=\"https:\/\/i0.wp.com\/2solesmusica.com\/wp-content\/uploads\/2023\/04\/loreen.jpg?fit=220%2C330&amp;ssl=1\" data-orig-size=\"220,330\" data-comments-opened=\"1\" data-image-meta=\"{&quot;aperture&quot;:&quot;0&quot;,&quot;credit&quot;:&quot;&quot;,&quot;camera&quot;:&quot;&quot;,&quot;caption&quot;:&quot;&quot;,&quot;created_timestamp&quot;:&quot;0&quot;,&quot;copyright&quot;:&quot;&quot;,&quot;focal_length&quot;:&quot;0&quot;,&quot;iso&quot;:&quot;0&quot;,&quot;shutter_speed&quot;:&quot;0&quot;,&quot;title&quot;:&quot;&quot;,&quot;orientation&quot;:&quot;0&quot;}\" data-image-title=\"loreen\" data-image-description=\"\" data-image-caption=\"\" data-large-file=\"https:\/\/i0.wp.com\/2solesmusica.com\/wp-content\/uploads\/2023\/04\/loreen.jpg?fit=220%2C330&amp;ssl=1\" data-id=\"1293\" src=\"https:\/\/i0.wp.com\/2solesmusica.com\/wp-content\/uploads\/2023\/04\/loreen.jpg?resize=220%2C330&#038;ssl=1\" alt=\"\" class=\"wp-image-1293\" \/><\/a><\/figure>\n<\/figure>\n\n\n\n<p class=\"wp-block-paragraph\">Como el programa era un \u00e9xito, de cantante pas\u00f3 a colaboradora y comentarista en otros programas, y de ah\u00ed a presentadora. Ella con el pelo afro debido a su ascendencia, se plancha el pelo, y lanza <em><strong>The Snake<\/strong><\/em> junto al grupo <strong><em>Rob N Raz<\/em><\/strong>. O sea Mari Carmen, que los or\u00edgenes de Loreen est\u00e1n en el reguet\u00f3n barato producido en los pa\u00edses escandinavos. Debe ser un episodio oscuro de su carrera musical porque nos ha costado mucho encontrar actuaciones en directo de esa canci\u00f3n.<\/p>\n\n\n\n<p class=\"wp-block-paragraph\">Pero <em>la Lorena<\/em> no puede con la fama, t\u00eda, y se queda detr\u00e1s de las c\u00e1maras como productora de programas y directora de realities, ella, empoderada, vio que hab\u00eda m\u00e1s dinero ah\u00ed, y claro&#8230; \u00a1al ataque!. Pero tambi\u00e9n acab\u00f3 hasta el papo de eso, y decide volver a la vida p\u00fablica en 2011, despu\u00e9s de haber puesto la voz a <em><strong>Pitufina <\/strong><\/em>en la pel\u00edcula de 2011, otro episodio de su vida, que a lo mejor no le gusta recordar.<\/p>\n\n\n\n<p class=\"wp-block-paragraph\">Y a partir de 2011, nos encontramos a Loreen, con el pelo liso y europeizada como una candidata m\u00e1s del <strong><em>Melodifestivalen <\/em><\/strong>con una canci\u00f3n que en principio no gustaba como fue <strong><em>my heart is refusing me<\/em><\/strong>, que con el paso de los a\u00f1os ha resultado ser su segundo mejor \u00e9xito. Aquel a\u00f1o se llev\u00f3 el gato al agua un joven llamado <strong><em>Eric Saade <\/em><\/strong>que tampoco hizo buen papel en el festival de Eurovision que se celebr\u00f3 en <em>D\u00fcsseldorf<\/em>.<\/p>\n\n\n\n<figure class=\"wp-block-embed is-type-video is-provider-youtube wp-block-embed-youtube wp-embed-aspect-16-9 wp-has-aspect-ratio\"><div class=\"wp-block-embed__wrapper\">\n<span class=\"embed-youtube\" style=\"text-align:center; display: block;\"><iframe loading=\"lazy\" class=\"youtube-player\" width=\"640\" height=\"360\" src=\"https:\/\/www.youtube.com\/embed\/B8pp_g3YxWA?version=3&#038;rel=1&#038;showsearch=0&#038;showinfo=1&#038;iv_load_policy=1&#038;fs=1&#038;hl=es-ES&#038;autohide=2&#038;start=82&#038;wmode=transparent\" allowfullscreen=\"true\" style=\"border:0;\" sandbox=\"allow-scripts allow-same-origin allow-popups allow-presentation allow-popups-to-escape-sandbox\"><\/iframe><\/span>\n<\/div><figcaption class=\"wp-element-caption\">LOREEN MELODIFESTIVALEN 2011<\/figcaption><\/figure>\n\n\n\n<figure class=\"wp-block-embed is-type-video is-provider-youtube wp-block-embed-youtube wp-embed-aspect-16-9 wp-has-aspect-ratio\"><div class=\"wp-block-embed__wrapper\">\n<span class=\"embed-youtube\" style=\"text-align:center; display: block;\"><iframe loading=\"lazy\" class=\"youtube-player\" width=\"640\" height=\"360\" src=\"https:\/\/www.youtube.com\/embed\/-04pUETT7oI?version=3&#038;rel=1&#038;showsearch=0&#038;showinfo=1&#038;iv_load_policy=1&#038;fs=1&#038;hl=es-ES&#038;autohide=2&#038;wmode=transparent\" allowfullscreen=\"true\" style=\"border:0;\" sandbox=\"allow-scripts allow-same-origin allow-popups allow-presentation allow-popups-to-escape-sandbox\"><\/iframe><\/span>\n<\/div><figcaption class=\"wp-element-caption\">ERIC SAADE EUROVISI\u00d3N 2011<\/figcaption><\/figure>\n\n\n\n<p class=\"wp-block-paragraph\">Algunos errores en la puesta en escena de Loreen en 2011 deslucieron un poco una gran canci\u00f3n que sin embargo consigui\u00f3 ser n\u00famero 1 en ventas en Suecia. <\/p>\n\n\n\n<p class=\"wp-block-paragraph\">Para 2012 ha aprendido de los errores y presenta una canci\u00f3n llamada <strong><em>Euphoria <\/em><\/strong>que ganar\u00eda el Melodifestivalen, el festival de Eurovisi\u00f3n y ser\u00eda n\u00famero uno mundial.<\/p>\n\n\n\n<p class=\"wp-block-paragraph\"><strong><em>Euphoria <\/em><\/strong>ha sido la canci\u00f3n que m\u00e1s llamadas en el televoto ha recibido en la historia del festival, y tiene el r\u00e9cord de haber conseguido 18 veces los 12 puntos.<\/p>\n\n\n\n<figure class=\"wp-block-embed is-type-video is-provider-youtube wp-block-embed-youtube wp-embed-aspect-16-9 wp-has-aspect-ratio\"><div class=\"wp-block-embed__wrapper\">\n<span class=\"embed-youtube\" style=\"text-align:center; display: block;\"><iframe loading=\"lazy\" class=\"youtube-player\" width=\"640\" height=\"360\" src=\"https:\/\/www.youtube.com\/embed\/w5ft6ghLIqU?version=3&#038;rel=1&#038;showsearch=0&#038;showinfo=1&#038;iv_load_policy=1&#038;fs=1&#038;hl=es-ES&#038;autohide=2&#038;start=42&#038;wmode=transparent\" allowfullscreen=\"true\" style=\"border:0;\" sandbox=\"allow-scripts allow-same-origin allow-popups allow-presentation allow-popups-to-escape-sandbox\"><\/iframe><\/span>\n<\/div><\/figure>\n\n\n\n<p class=\"wp-block-paragraph\">El \u00e9xito de <strong><em>Euphoria <\/em><\/strong>es tan enorme que sorprende a la propia industria sueca. No se sabe con exactitud los ingresos que gener\u00f3 la canci\u00f3n y donde han ido a parar. Se hicieron tantos covers, mashups, remixes y mil historias que ha sido practicamente imposible reclamar todas la posible recaudaci\u00f3n de derechos generados por la canci\u00f3n.<\/p>\n\n\n\n<p class=\"wp-block-paragraph\">2012 pas\u00f3 rapid\u00edsimo y cuando se dieron cuenta hab\u00eda pasado todo un a\u00f1o. La lista de conciertos era interminable y Loreen segu\u00eda sin tener terminado un disco acorde con el \u00e9xito que hab\u00eda tenido. Se reversion\u00f3 su canci\u00f3n de 2011, a una mucho mejor producida y m\u00e1s electr\u00f3nica, mucho m\u00e1s dance, que se convirti\u00f3 en top 2 en los pa\u00edses b\u00e1lticos, pues Euphoria nunca dej\u00f3 de ser #1 en 22 meses. Se hace tan famosa en estos otros pa\u00edses que act\u00faa como estrella invitada en la final del Melodi Gran Prix de Noruega en 2013. <\/p>\n\n\n\n<figure class=\"wp-block-embed is-type-video is-provider-youtube wp-block-embed-youtube wp-embed-aspect-16-9 wp-has-aspect-ratio\"><div class=\"wp-block-embed__wrapper\">\n<span class=\"embed-youtube\" style=\"text-align:center; display: block;\"><iframe loading=\"lazy\" class=\"youtube-player\" width=\"640\" height=\"360\" src=\"https:\/\/www.youtube.com\/embed\/oMWgWmnqSXs?version=3&#038;rel=1&#038;showsearch=0&#038;showinfo=1&#038;iv_load_policy=1&#038;fs=1&#038;hl=es-ES&#038;autohide=2&#038;wmode=transparent\" allowfullscreen=\"true\" style=\"border:0;\" sandbox=\"allow-scripts allow-same-origin allow-popups allow-presentation allow-popups-to-escape-sandbox\"><\/iframe><\/span>\n<\/div><\/figure>\n\n\n\n<p class=\"wp-block-paragraph\">Se pens\u00f3 en que la actuaci\u00f3n en la final eurovisiva de 2013 de la ganadora del a\u00f1o anterior deb\u00eda marcar un antes y un despu\u00e9s en la forma de hacer del festival. Y as\u00ed fue, la mejor intro que ha tenido jam\u00e1s Eurovisi\u00f3n ocurri\u00f3 para la primera semifinal de 2013: en una imagen impactante de miles de mariposas que cruzan el puente de Malm\u00f6, donde un coro de ni\u00f1os introduce Euphoria y la interpreta en lenguaje de signos.<\/p>\n\n\n\n<figure class=\"wp-block-embed is-type-video is-provider-youtube wp-block-embed-youtube wp-embed-aspect-16-9 wp-has-aspect-ratio\"><div class=\"wp-block-embed__wrapper\">\n<span class=\"embed-youtube\" style=\"text-align:center; display: block;\"><iframe loading=\"lazy\" class=\"youtube-player\" width=\"640\" height=\"360\" src=\"https:\/\/www.youtube.com\/embed\/ZhJNbUTE3Po?version=3&#038;rel=1&#038;showsearch=0&#038;showinfo=1&#038;iv_load_policy=1&#038;fs=1&#038;hl=es-ES&#038;autohide=2&#038;wmode=transparent\" allowfullscreen=\"true\" style=\"border:0;\" sandbox=\"allow-scripts allow-same-origin allow-popups allow-presentation allow-popups-to-escape-sandbox\"><\/iframe><\/span>\n<\/div><\/figure>\n\n\n\n<p class=\"wp-block-paragraph\">Estos 6 minutos seguidos por 300 millones de espectadores, consagraron de un plumazo el \u00e9xito de Loreen, y la convirti\u00f3 en icono y diva de la m\u00fasica. Y a los eurofanes se nos cayeron las bragas varias veces mientras ve\u00edamos esta actuaci\u00f3n.<\/p>\n\n\n\n<div class=\"wp-block-media-text is-stacked-on-mobile\"><figure class=\"wp-block-media-text__media\"><img data-recalc-dims=\"1\" loading=\"lazy\" decoding=\"async\" width=\"696\" height=\"457\" data-attachment-id=\"1295\" data-permalink=\"https:\/\/2solesmusica.com\/?attachment_id=1295\" data-orig-file=\"https:\/\/i0.wp.com\/2solesmusica.com\/wp-content\/uploads\/2023\/04\/loreen2.webp?fit=696%2C457&amp;ssl=1\" data-orig-size=\"696,457\" data-comments-opened=\"1\" data-image-meta=\"{&quot;aperture&quot;:&quot;0&quot;,&quot;credit&quot;:&quot;&quot;,&quot;camera&quot;:&quot;&quot;,&quot;caption&quot;:&quot;&quot;,&quot;created_timestamp&quot;:&quot;0&quot;,&quot;copyright&quot;:&quot;&quot;,&quot;focal_length&quot;:&quot;0&quot;,&quot;iso&quot;:&quot;0&quot;,&quot;shutter_speed&quot;:&quot;0&quot;,&quot;title&quot;:&quot;&quot;,&quot;orientation&quot;:&quot;0&quot;}\" data-image-title=\"loreen2\" data-image-description=\"\" data-image-caption=\"\" data-large-file=\"https:\/\/i0.wp.com\/2solesmusica.com\/wp-content\/uploads\/2023\/04\/loreen2.webp?fit=696%2C457&amp;ssl=1\" src=\"https:\/\/i0.wp.com\/2solesmusica.com\/wp-content\/uploads\/2023\/04\/loreen2.webp?resize=696%2C457&#038;ssl=1\" alt=\"\" class=\"wp-image-1295 size-full\" \/><\/figure><div class=\"wp-block-media-text__content\">\n<p class=\"wp-block-paragraph\"><strong><em>Punto<\/em><\/strong>. Hasta aqu\u00ed el gran momento en la historia de la m\u00fasica y en la historia de Eurovisi\u00f3n para Loreen. Ya tuviste tu oportunidad, ya te forraste y has vivido de las rentas durante diez a\u00f1os, ya te recibi\u00f3 con honores la familia real sueca, ya te recibieron m\u00e1s de 100.000 personas el d\u00eda de tu regreso despu\u00e9s de ganar el festival, ya lanzaste tu pedazo de \u00e1lbul HEAL&#8230; \u00bfPor qu\u00e9 vuelves?<\/p>\n<\/div><\/div>\n\n\n\n<p class=\"wp-block-paragraph\">Pues s\u00ed&#8230; volvi\u00f3 a hacerlo y se present\u00f3 de nuevo al Melodifestivalen en 2017, despu\u00e9s de haber sacado un segundo LP algo flojo como <em><strong>Paperlight <\/strong><\/em>en 2014. Prepar\u00f3 una canci\u00f3n para volver a ganar el melodi, pero result\u00f3 que el p\u00fablico no estaba preparado a\u00fan para que ella volviese, y su actuaci\u00f3n con el temazo <strong><em>Statements <\/em><\/strong>no convenci\u00f3 al p\u00fablico y no se clasific\u00f3 en su semifinal, sin embargo fue rescatada en la gala de segunda oportunidad y finalmente actu\u00f3 en la final, pero tampoco pudo pasar el corte y no fue a Eurovisi\u00f3n.<\/p>\n\n\n\n<figure class=\"wp-block-embed is-type-video is-provider-youtube wp-block-embed-youtube wp-embed-aspect-16-9 wp-has-aspect-ratio\"><div class=\"wp-block-embed__wrapper\">\n<span class=\"embed-youtube\" style=\"text-align:center; display: block;\"><iframe loading=\"lazy\" class=\"youtube-player\" width=\"640\" height=\"360\" src=\"https:\/\/www.youtube.com\/embed\/ejU7RKmmJMQ?version=3&#038;rel=1&#038;showsearch=0&#038;showinfo=1&#038;iv_load_policy=1&#038;fs=1&#038;hl=es-ES&#038;autohide=2&#038;wmode=transparent\" allowfullscreen=\"true\" style=\"border:0;\" sandbox=\"allow-scripts allow-same-origin allow-popups allow-presentation allow-popups-to-escape-sandbox\"><\/iframe><\/span>\n<\/div><\/figure>\n\n\n\n<p class=\"wp-block-paragraph\">La puesta en escena de <em><strong>Statements <\/strong><\/em>segu\u00eda la l\u00ednea de Euphoria: minimalismo, negro, gris y blanco&#8230; y gasa, mucha gasa. Contaba una historia, ten\u00eda un mensaje para Europa, pero no convenci\u00f3 y el representante eurovisivo de aquel a\u00f1o fue <strong><em>Robin Bengtsson<\/em><\/strong> que no gan\u00f3, por su clara chuler\u00eda y ausencia de humildad, y por que estaba <strong><em>Salvador Sobral<\/em><\/strong> de Portugal.<\/p>\n\n\n\n<p class=\"wp-block-paragraph\"><strong><em>Statements <\/em><\/strong>fue criticada por su contenido pol\u00edtico, incluso la UER se permiti\u00f3 el lujo de decir que el festival no se pod\u00eda politizar y que este tipo de mensajes no se pod\u00edan introducir&#8230; y aqu\u00ed fue donde la vena del colectivo gay se acab\u00f3 inflamando y empez\u00f3 a vomitar en twitter algo as\u00ed como que Eurovisi\u00f3n ya era pol\u00edtica desde hac\u00eda muchos a\u00f1os, porque Grecia vota a Chipre y Chipre a Grecia, y Rusia vota a Bielorusia y Bielorusia a Rusia, y as\u00ed&#8230; hasta convertir la red social en el vertedero diario que es.<\/p>\n\n\n\n<p class=\"wp-block-paragraph\">Statements fue vapuleada y Loreen aprendi\u00f3 la lecci\u00f3n: <em><strong>no hablar de pol\u00edtica<\/strong><\/em>. Pero claro, ella es fil\u00e1ntropa, activista, y a veces se pone muy nerviosa.<\/p>\n\n\n\n<p class=\"wp-block-paragraph\">Cumpliendo el ciclo, ha dejado pasar otros 5 a\u00f1os, y se ha vuelto a presentar en 2023 con Tatoo. Por tanto, es m\u00e1s que probable que se presente de nuevo en 2028-29.<\/p>\n\n\n\n<figure class=\"wp-block-embed is-type-video is-provider-youtube wp-block-embed-youtube wp-embed-aspect-16-9 wp-has-aspect-ratio\"><div class=\"wp-block-embed__wrapper\">\n<span class=\"embed-youtube\" style=\"text-align:center; display: block;\"><iframe loading=\"lazy\" class=\"youtube-player\" width=\"640\" height=\"360\" src=\"https:\/\/www.youtube.com\/embed\/4lD0-1Uplms?version=3&#038;rel=1&#038;showsearch=0&#038;showinfo=1&#038;iv_load_policy=1&#038;fs=1&#038;hl=es-ES&#038;autohide=2&#038;wmode=transparent\" allowfullscreen=\"true\" style=\"border:0;\" sandbox=\"allow-scripts allow-same-origin allow-popups allow-presentation allow-popups-to-escape-sandbox\"><\/iframe><\/span>\n<\/div><\/figure>\n\n\n\n<p class=\"wp-block-paragraph\"><strong><em>Tatoo <\/em><\/strong>ha sido criticada, ha recibido tanto hate como aplausos, y es desde el d\u00eda que sali\u00f3 la favorita indiscutible para ganar eurovisi\u00f3n en las casas de apuestas. Nunca ha bajado del n\u00famero 1.<\/p>\n\n\n\n<p class=\"wp-block-paragraph\">Pero hay varios motivos para que nos aventuremos a decir que no volver\u00e1 a ganar Eurovisi\u00f3n. Enumeramos:<\/p>\n\n\n\n<ol class=\"wp-block-list\">\n<li>La favorita de las casas de apuesta, no siempre gana.<\/li>\n\n\n\n<li>La gente piensa en Euphoria y afirma que Tattoo es la misma.<\/li>\n\n\n\n<li>Hay quien opina que Loreen ya tuvo su momento y no deber\u00eda volver.<\/li>\n\n\n\n<li>Se la ha acusado de plagio&#8230; pero no amiga, no lo es, es sampleo, y eso es legal.<\/li>\n\n\n\n<li>La letra no es buena, s\u00ed pero no habla de pol\u00edtica que es lo que te molestaba de statements, a ver si te aclaras primor.<\/li>\n\n\n\n<li>Corre el riesgo de morir aplastada entre las dos pantallas. Esto no ha ocurrido, pero se subi\u00f3 el meme a Tik Tok en el que Blanca Paloma lanza su flecha que corta las cuerdas y que provocan la muerte de Loreen.<\/li>\n\n\n\n<li>Corre el riesgo de morir asfixiada por el exceso de humo. Esto ya ocurri\u00f3 en la final del Melodifestivalen hubo tanto humo que a penas se pod\u00eda divisar a Loreen.<\/li>\n\n\n\n<li>Corre el riesgo de que un asesino en serie se la cargue en el escenario. Esto ya le ha ocurrido, y en la primera semifinal del Melodifestivalen un tio se subi\u00f3 al escenario con un cartel reivindicativo. El realizador h\u00e1bilmente puls\u00f3 el bot\u00f3n del p\u00e1nico y congel\u00f3 las c\u00e1maras y no se vio nada de eso en la gala. No pas\u00f3 nada y a la hora de votar, la muchacha gan\u00f3 su semifinal. Punto.<\/li>\n\n\n\n<li>Gana Blanca Paloma y Loreen queda sexta.<\/li>\n<\/ol>\n\n\n\n<p class=\"wp-block-paragraph\"><\/p>\n","protected":false},"excerpt":{"rendered":"<p>Tatoo ha sido criticada, ha recibido tanto hate como aplausos, y es desde el d\u00eda que sali\u00f3 la favorita indiscutible para ganar eurovisi\u00f3n.<br \/>\nPero hay 9 motivos para que nos aventuremos a decir que no volver\u00e1 a ganar Eurovisi\u00f3n y los enumeramos:<\/p>\n","protected":false},"author":37710108,"featured_media":1289,"comment_status":"open","ping_status":"open","sticky":false,"template":"","format":"standard","meta":{"_coblocks_attr":"","_coblocks_dimensions":"","_coblocks_responsive_height":"","_coblocks_accordion_ie_support":"","advanced_seo_description":"","jetpack_seo_html_title":"","jetpack_seo_noindex":false,"jetpack_seo_schema_type":"","_jetpack_newsletter_access":"","_jetpack_dont_email_post_to_subs":false,"_jetpack_newsletter_tier_id":0,"_jetpack_memberships_contains_paywalled_content":false,"_wpcom_ai_launchpad_first_post":false,"_jetpack_feature_clip_id":0,"_jetpack_memberships_contains_paid_content":false,"footnotes":"","jetpack_publicize_message":"","jetpack_publicize_feature_enabled":true,"jetpack_social_post_already_shared":false,"jetpack_social_options":{"image_generator_settings":{"template":"highway","default_image_id":0,"font":"","enabled":false},"version":2},"jetpack_post_was_ever_published":false},"categories":[3990,102677],"tags":[6735487,32977,791442934,760648163,5102300,779945,3543],"class_list":["post-1260","post","type-post","status-publish","format-standard","has-post-thumbnail","hentry","category-dance","category-eurovision","tag-blanca-paloma","tag-euphoria","tag-eurovision","tag-eurovision-liverpool","tag-eurovision-spain","tag-loreen","tag-spain"],"jetpack_publicize_connections":[],"jetpack_likes_enabled":true,"jetpack_sharing_enabled":true,"jetpack_shortlink":"https:\/\/wp.me\/p2AqRC-kk","jetpack_featured_media_url":"https:\/\/i0.wp.com\/2solesmusica.com\/wp-content\/uploads\/2023\/04\/loreen-representara-suecia_98-2986545039-e1682463355790.webp?fit=1900%2C691&ssl=1","_links":{"self":[{"href":"https:\/\/2solesmusica.com\/index.php?rest_route=\/wp\/v2\/posts\/1260","targetHints":{"allow":["GET"]}}],"collection":[{"href":"https:\/\/2solesmusica.com\/index.php?rest_route=\/wp\/v2\/posts"}],"about":[{"href":"https:\/\/2solesmusica.com\/index.php?rest_route=\/wp\/v2\/types\/post"}],"author":[{"embeddable":true,"href":"https:\/\/2solesmusica.com\/index.php?rest_route=\/wp\/v2\/users\/37710108"}],"replies":[{"embeddable":true,"href":"https:\/\/2solesmusica.com\/index.php?rest_route=%2Fwp%2Fv2%2Fcomments&post=1260"}],"version-history":[{"count":26,"href":"https:\/\/2solesmusica.com\/index.php?rest_route=\/wp\/v2\/posts\/1260\/revisions"}],"predecessor-version":[{"id":1348,"href":"https:\/\/2solesmusica.com\/index.php?rest_route=\/wp\/v2\/posts\/1260\/revisions\/1348"}],"wp:featuredmedia":[{"embeddable":true,"href":"https:\/\/2solesmusica.com\/index.php?rest_route=\/wp\/v2\/media\/1289"}],"wp:attachment":[{"href":"https:\/\/2solesmusica.com\/index.php?rest_route=%2Fwp%2Fv2%2Fmedia&parent=1260"}],"wp:term":[{"taxonomy":"category","embeddable":true,"href":"https:\/\/2solesmusica.com\/index.php?rest_route=%2Fwp%2Fv2%2Fcategories&post=1260"},{"taxonomy":"post_tag","embeddable":true,"href":"https:\/\/2solesmusica.com\/index.php?rest_route=%2Fwp%2Fv2%2Ftags&post=1260"}],"curies":[{"name":"wp","href":"https:\/\/api.w.org\/{rel}","templated":true}]}}