{"id":2511,"date":"2024-04-23T09:03:16","date_gmt":"2024-04-23T07:03:16","guid":{"rendered":"https:\/\/2solesmusica.com\/?p=2511"},"modified":"2024-04-23T09:03:18","modified_gmt":"2024-04-23T07:03:18","slug":"ultra-sunn","status":"publish","type":"post","link":"https:\/\/2solesmusica.com\/?p=2511","title":{"rendered":"Ultra Sunn, el coldwawe hipn\u00f3tico europeo tiene \u00e1lbum debut."},"content":{"rendered":"\n<p class=\"has-large-font-size wp-block-paragraph\">Llevamos mucho tiempo siguiendo a los <em><strong>Ultra Sunn<\/strong><\/em>, de hecho son habituales en nuestras playlist mensuales. Y estamos muy contentos porque nos acaba de llegar por fin, su \u00e1lbum debut despu\u00e9s de su EP 2021 <strong><em>Body Electric<\/em><\/strong> y su segundo EP <strong><em>Kill Your Idols<\/em><\/strong> de 2023. Adem\u00e1s, el nuevo LP llega en un precioso color <em>dark pink<\/em> como no pod\u00eda ser menos. Un color elegante pero que tambi\u00e9n representa el sonido oscuro y sus letras siempre relacionadas con la igualdad de g\u00e9nero, el aspecto normativo de la sociedad, el acoso callejero y la lucha contra la ansiedad.<\/p>\n\n\n\n<div class=\"wp-block-media-text is-stacked-on-mobile is-image-fill\" style=\"grid-template-columns:41% auto\"><figure class=\"wp-block-media-text__media\" style=\"background-image:url(https:\/\/2solesmusica.com\/wp-content\/uploads\/2024\/04\/ultrasunn-us.jpg?w=1024);background-position:50% 50%\"><img data-recalc-dims=\"1\" loading=\"lazy\" decoding=\"async\" width=\"1200\" height=\"1200\" data-attachment-id=\"2515\" data-permalink=\"https:\/\/2solesmusica.com\/?attachment_id=2515\" data-orig-file=\"https:\/\/i0.wp.com\/2solesmusica.com\/wp-content\/uploads\/2024\/04\/ultrasunn-us.jpg?fit=1200%2C1200&amp;ssl=1\" data-orig-size=\"1200,1200\" data-comments-opened=\"1\" data-image-meta=\"{&quot;aperture&quot;:&quot;0&quot;,&quot;credit&quot;:&quot;&quot;,&quot;camera&quot;:&quot;&quot;,&quot;caption&quot;:&quot;&quot;,&quot;created_timestamp&quot;:&quot;0&quot;,&quot;copyright&quot;:&quot;&quot;,&quot;focal_length&quot;:&quot;0&quot;,&quot;iso&quot;:&quot;0&quot;,&quot;shutter_speed&quot;:&quot;0&quot;,&quot;title&quot;:&quot;&quot;,&quot;orientation&quot;:&quot;0&quot;}\" data-image-title=\"ultrasunn-us\" data-image-description=\"\" data-image-caption=\"\" data-large-file=\"https:\/\/i0.wp.com\/2solesmusica.com\/wp-content\/uploads\/2024\/04\/ultrasunn-us.jpg?fit=1024%2C1024&amp;ssl=1\" src=\"https:\/\/i0.wp.com\/2solesmusica.com\/wp-content\/uploads\/2024\/04\/ultrasunn-us.jpg?resize=1200%2C1200&#038;ssl=1\" alt=\"\" class=\"wp-image-2515 size-full\" \/><\/figure><div class=\"wp-block-media-text__content\">\n<p class=\"wp-block-paragraph\"><strong>ULTRA SUNN<\/strong><\/p>\n\n\n\n<p class=\"wp-block-paragraph\">US (2024)<\/p>\n\n\n\n<p class=\"wp-block-paragraph\">Puntuaci\u00f3n 85\/100 otorgada por nosotros en <em>album of the year<\/em>.<\/p>\n\n\n\n<p class=\"wp-block-paragraph\">Artoffact Records<\/p>\n\n\n\n<p class=\"wp-block-paragraph\">LP Dark pink Vinyl<\/p>\n\n\n\n<p class=\"wp-block-paragraph\">CD<\/p>\n\n\n\n<p class=\"wp-block-paragraph\">Digital album.<\/p>\n<\/div><\/div>\n\n\n\n<p class=\"has-large-font-size wp-block-paragraph\"><strong><em>Ultra Sunn<\/em><\/strong> son un d\u00fao <strong>belga <\/strong>formado en 2019 que utilizan m\u00e1quinas y cajas de ritmo para hacer m\u00fasica a la que acompa\u00f1a la voz intensa y oscura de <strong><em>Sam Huge<\/em><\/strong>, con letras y producci\u00f3n de <strong><em>Gaelle Souflet<\/em><\/strong>. Ellos han comentado sobre su disco US:  <em>\u00abEl \u00e1lbum se llama &#8216;US&#8217;, como las iniciales de Ultra Sunn. Adem\u00e1s de ser una referencia a dos bandas que amamos, VU (Velvet Underground) y AM (Arctic Monkeys), refleja los textos m\u00e1s personales de este \u00e1lbum: el v\u00ednculo entre nosotros (Gaelle y Sam) es m\u00e1s fuerte que nunca, un nuevo m\u00fasico que nos acompa\u00f1a en la gira, y el v\u00ednculo que hemos creado con nuestro p\u00fablico \/ c\u00f3mo se llevan y viven los conciertos todos juntos con fuerza y \u200b\u200bamor. Es nuestro \u00e1lbum, es tuyo<\/em>\u00ab.<\/p>\n\n\n\n<p class=\"has-large-font-size wp-block-paragraph\">Acaban de confirmar una importante gira por Estados Unidos, ojo, con 32 fechas desde el pr\u00f3ximo 25 de abril hasta el mes de octubre de este a\u00f1o. No es balad\u00ed.<\/p>\n\n\n\n<p class=\"has-large-font-size wp-block-paragraph\">El LP comienza con su conocido <strong>Broken Monster<\/strong> que ellos han definido como \u00ab<em>un poderoso himno que nos dice que tendemos a proyectar hacia nosotros mismos nuestros propios monstruos y los demonios que nos rodean. Dado que ocupan todo del espacio, tendemos a centrarnos en ellos mientras que los verdaderos monstruos son aquellos que parecen discretos y adormecidos. Con esto expresamos que debemos permanecer vigilantes, no dejarnos cegar por nuestros propios miedos e ideas preconcebidas, el sue\u00f1o de la raz\u00f3n engendra monstruos. La b\u00fasqueda de un mundo m\u00e1s brillante est\u00e1 lejos de terminar<\/em>\u201d.<\/p>\n\n\n\n<p class=\"has-large-font-size wp-block-paragraph\">\u00bfInfluencias de <strong><em>Depeche Mode<\/em><\/strong>? Est\u00e1 claro que s\u00ed.<\/p>\n\n\n\n<figure class=\"wp-block-embed is-type-video is-provider-youtube wp-block-embed-youtube wp-embed-aspect-16-9 wp-has-aspect-ratio\"><div class=\"wp-block-embed__wrapper\">\n<span class=\"embed-youtube\" style=\"text-align:center; display: block;\"><iframe loading=\"lazy\" class=\"youtube-player\" width=\"640\" height=\"360\" src=\"https:\/\/www.youtube.com\/embed\/XJFopHsxUJM?version=3&#038;rel=1&#038;showsearch=0&#038;showinfo=1&#038;iv_load_policy=1&#038;fs=1&#038;hl=es-ES&#038;autohide=2&#038;wmode=transparent\" allowfullscreen=\"true\" style=\"border:0;\" sandbox=\"allow-scripts allow-same-origin allow-popups allow-presentation allow-popups-to-escape-sandbox\"><\/iframe><\/span>\n<\/div><\/figure>\n\n\n\n<p class=\"has-large-font-size wp-block-paragraph\"><strong>ULTRA SUNN<\/strong>\u00a0es una definici\u00f3n, como ellos mismos indican es \u00ab<em>la luz perfecta del sol, y m\u00e1s simbol\u00f3gicamente, una luz que te gu\u00eda en la oscuridad, un momento de paz e integraci\u00f3n. Esta misma luz se puede convertir en un arma para combatir la oscuridad. La m\u00fasica puede ser una forma de comunicar valores y de invitar a la gente a que los comparta con nosotros<\/em>\u00ab. Y eso es lo que nos encontramos en la segunda canci\u00f3n del LP titulada <strong><em>This Is Not About You<\/em><\/strong> en la que la letra acertadamente dice algo as\u00ed como \u00abdos veces, a partir de las ocho (refiri\u00e9ndose a dos conciertos los s\u00e1bados), en los que esto no va de t\u00ed, sino de nosotros (US), cu\u00e9ntanos tus historias y nosotros te contaremos las nuestras, en el sentido de que la m\u00fasica es una terapia, y en eso estamos muy de acuerdo, porque cada una de nuestras playlist es una terapia musical que cada mes ponemos en marca. <\/p>\n\n\n\n<p class=\"has-large-font-size wp-block-paragraph\">En cada concierto de ULTRA SUN, el grupo pretende iluminar la oscuridad de los asistentes; que el momento del concierto sea terap\u00e9utico. Porque la m\u00fasica cura.<\/p>\n\n\n\n<figure class=\"wp-block-embed is-type-video is-provider-youtube wp-block-embed-youtube wp-embed-aspect-4-3 wp-has-aspect-ratio\"><div class=\"wp-block-embed__wrapper\">\n<span class=\"embed-youtube\" style=\"text-align:center; display: block;\"><iframe loading=\"lazy\" class=\"youtube-player\" width=\"640\" height=\"360\" src=\"https:\/\/www.youtube.com\/embed\/wAh2rCdnr_4?version=3&#038;rel=1&#038;showsearch=0&#038;showinfo=1&#038;iv_load_policy=1&#038;fs=1&#038;hl=es-ES&#038;autohide=2&#038;wmode=transparent\" allowfullscreen=\"true\" style=\"border:0;\" sandbox=\"allow-scripts allow-same-origin allow-popups allow-presentation allow-popups-to-escape-sandbox\"><\/iframe><\/span>\n<\/div><\/figure>\n\n\n\n<p class=\"has-large-font-size wp-block-paragraph\">Y llega<strong><em> Some Ghost Could Follow<\/em><\/strong>, y su preciosidad de estribillo a partir del primer minuto.<\/p>\n\n\n\n<figure class=\"wp-block-embed is-type-video is-provider-youtube wp-block-embed-youtube wp-embed-aspect-16-9 wp-has-aspect-ratio\"><div class=\"wp-block-embed__wrapper\">\n<span class=\"embed-youtube\" style=\"text-align:center; display: block;\"><iframe loading=\"lazy\" class=\"youtube-player\" width=\"640\" height=\"360\" src=\"https:\/\/www.youtube.com\/embed\/3NQHtIoqpNM?version=3&#038;rel=1&#038;showsearch=0&#038;showinfo=1&#038;iv_load_policy=1&#038;fs=1&#038;hl=es-ES&#038;autohide=2&#038;wmode=transparent\" allowfullscreen=\"true\" style=\"border:0;\" sandbox=\"allow-scripts allow-same-origin allow-popups allow-presentation allow-popups-to-escape-sandbox\"><\/iframe><\/span>\n<\/div><\/figure>\n\n\n\n<p class=\"has-large-font-size wp-block-paragraph\">Es que este estribillo es tan&#8230; tan&#8230; GRANDE <\/p>\n\n\n\n<pre class=\"wp-block-verse has-text-align-center\">BUT DON\u2019T FORGET<br>THERE IS NO PLACE FOR BROKEN DREAMS<br>THE STREETS ARE PAVED WITH REGRETS<br>THEY LOOK MUCH WEAKER THAN THEY SEEM<br><br>PERO NO LO OLVIDES<br>NO HAY LUGAR PARA LOS SUE\u00d1OS ROTOS<br>LAS CALLES EST\u00c1N PAVIMENTADAS DE ARREPENTIMIENTOS<br>SE VE MUCHO M\u00c1S D\u00c9BIL DE LO QUE PARECE<\/pre>\n\n\n\n<p class=\"has-large-font-size wp-block-paragraph\" id=\"tw-target-text\">La cuarta canci\u00f3n es <em><strong>You &amp; Me<\/strong><\/em>, que fue cabeza de una de nuestras playlist con un importante mensaje \u00ab<em>diamond dreams and emeral gaze. Love&#8217;s a maze, but never fades<\/em>&#8230; \u00ab<em>Sue\u00f1os de diamante y mirada esmeralda. El amor es un laberito que nunca desaparece<\/em>\u00ab.<\/p>\n\n\n\n<figure class=\"wp-block-embed is-type-video is-provider-youtube wp-block-embed-youtube wp-embed-aspect-16-9 wp-has-aspect-ratio\"><div class=\"wp-block-embed__wrapper\">\n<span class=\"embed-youtube\" style=\"text-align:center; display: block;\"><iframe loading=\"lazy\" class=\"youtube-player\" width=\"640\" height=\"360\" src=\"https:\/\/www.youtube.com\/embed\/vRpYOgPDDAM?version=3&#038;rel=1&#038;showsearch=0&#038;showinfo=1&#038;iv_load_policy=1&#038;fs=1&#038;hl=es-ES&#038;autohide=2&#038;wmode=transparent\" allowfullscreen=\"true\" style=\"border:0;\" sandbox=\"allow-scripts allow-same-origin allow-popups allow-presentation allow-popups-to-escape-sandbox\"><\/iframe><\/span>\n<\/div><\/figure>\n\n\n\n<p class=\"has-large-font-size wp-block-paragraph\">Y la calidad y potencia no disminuyen en la quinta canci\u00f3n. <strong><em>Lost &amp; Found<\/em><\/strong> es una reflexi\u00f3n sobre la noche. Dejarse llevar y acabar donde no esperabas llegar. No siempre hay que dejarse llevar, pero tampoco est\u00e1 mal de vez en cuando terminar como <strong><em>Nosferatu<\/em><\/strong>, achicharrado a la luz del sol.<\/p>\n\n\n\n<figure class=\"wp-block-embed is-type-video is-provider-youtube wp-block-embed-youtube wp-embed-aspect-4-3 wp-has-aspect-ratio\"><div class=\"wp-block-embed__wrapper\">\n<span class=\"embed-youtube\" style=\"text-align:center; display: block;\"><iframe loading=\"lazy\" class=\"youtube-player\" width=\"640\" height=\"360\" src=\"https:\/\/www.youtube.com\/embed\/yjcKFqdeNqc?version=3&#038;rel=1&#038;showsearch=0&#038;showinfo=1&#038;iv_load_policy=1&#038;fs=1&#038;hl=es-ES&#038;autohide=2&#038;wmode=transparent\" allowfullscreen=\"true\" style=\"border:0;\" sandbox=\"allow-scripts allow-same-origin allow-popups allow-presentation allow-popups-to-escape-sandbox\"><\/iframe><\/span>\n<\/div><\/figure>\n\n\n\n<p class=\"has-large-font-size wp-block-paragraph\">Y llegamos al plato fuerte. La cara B del LP se inicia con lo que la prensa especializada ha llamado \u00abobra maestra\u00bb. <em><strong>Shake your demons<\/strong><\/em> es una canci\u00f3n que invita a dejarte llevar, sobre todo en la segunda parte, al grito de Shake your demons. Apunta a la cabeza a tus demonios interiores&#8230; dispara y vive. <\/p>\n\n\n\n<p class=\"has-large-font-size wp-block-paragraph\">Ese momento Shake your demons me recuerda al \u00ab<strong><em>GO<\/em><\/strong>\u00bb de <strong><em>MOBY<\/em><\/strong>, y es que en esa \u00e9poca fue un himno para una generaci\u00f3n, y sigue siendo esa canci\u00f3n que los de (cierta edad) nos ponemos para hacer saltar por el abismo la neura del d\u00eda.<\/p>\n\n\n\n<p class=\"has-large-font-size wp-block-paragraph\">En esta ocasi\u00f3n el mensaje nos llega en unos versos en franc\u00e9s, aunque la mayor parte de la canci\u00f3n est\u00e1 en ingl\u00e9s: \u00ab<em>Les fleurs se decolorent dans leur ensemble, Je t&#8217;ai ha\u00ef si fort, que je te ressemble<\/em>\u00bb que viene a decirnos \u00ab<em>Las flores se marchitan en su totalidad, y yo te odio muy fuerte. Me parezco a t\u00ed, agita, agita, agita tus demonio<\/em>s\u00bb<\/p>\n\n\n\n<figure class=\"wp-block-embed is-type-video is-provider-youtube wp-block-embed-youtube wp-embed-aspect-16-9 wp-has-aspect-ratio\"><div class=\"wp-block-embed__wrapper\">\n<span class=\"embed-youtube\" style=\"text-align:center; display: block;\"><iframe loading=\"lazy\" class=\"youtube-player\" width=\"640\" height=\"360\" src=\"https:\/\/www.youtube.com\/embed\/Sp_ft64StIM?version=3&#038;rel=1&#038;showsearch=0&#038;showinfo=1&#038;iv_load_policy=1&#038;fs=1&#038;hl=es-ES&#038;autohide=2&#038;wmode=transparent\" allowfullscreen=\"true\" style=\"border:0;\" sandbox=\"allow-scripts allow-same-origin allow-popups allow-presentation allow-popups-to-escape-sandbox\"><\/iframe><\/span>\n<\/div><\/figure>\n\n\n\n<p class=\"has-large-font-size wp-block-paragraph\"><strong><em>The Truth<\/em><\/strong> es apostar por la tranquilidad de no sufrir. A pesar de saber que me enga\u00f1as, prefiero ignorarlo y vivir en paz. Podr\u00eda ser un resumen de esta letra que podemos aplicar a la <em>promiscuidad<\/em>, a eso de quedar para echar un polvo y luego cruzarse por la calle y hacer como que no se conocen. Sin embargo, conocemos LA VERDAD, aunque prefiramos ignorarlo.<\/p>\n\n\n\n<figure class=\"wp-block-embed is-type-video is-provider-youtube wp-block-embed-youtube wp-embed-aspect-4-3 wp-has-aspect-ratio\"><div class=\"wp-block-embed__wrapper\">\n<span class=\"embed-youtube\" style=\"text-align:center; display: block;\"><iframe loading=\"lazy\" class=\"youtube-player\" width=\"640\" height=\"360\" src=\"https:\/\/www.youtube.com\/embed\/bMrN5TEkuuw?version=3&#038;rel=1&#038;showsearch=0&#038;showinfo=1&#038;iv_load_policy=1&#038;fs=1&#038;hl=es-ES&#038;autohide=2&#038;wmode=transparent\" allowfullscreen=\"true\" style=\"border:0;\" sandbox=\"allow-scripts allow-same-origin allow-popups allow-presentation allow-popups-to-escape-sandbox\"><\/iframe><\/span>\n<\/div><\/figure>\n\n\n\n<p class=\"has-large-font-size wp-block-paragraph\">La fiesta contin\u00faa con<em><strong> Fall From Grace<\/strong><\/em>. Me encanta este verso.<\/p>\n\n\n\n<pre class=\"wp-block-verse has-text-align-center has-large-font-size\" id=\"tw-target-text\">SOY UN ALMA VINTAGE\nEN UNA EDAD MODERNA\nY EN TU MIRADA HELADA\nESTOY PERDIDO EN EL ESPACIO<\/pre>\n\n\n\n<figure class=\"wp-block-embed is-type-video is-provider-youtube wp-block-embed-youtube wp-embed-aspect-4-3 wp-has-aspect-ratio\"><div class=\"wp-block-embed__wrapper\">\n<span class=\"embed-youtube\" style=\"text-align:center; display: block;\"><iframe loading=\"lazy\" class=\"youtube-player\" width=\"640\" height=\"360\" src=\"https:\/\/www.youtube.com\/embed\/Cw6o7Nna1Wo?version=3&#038;rel=1&#038;showsearch=0&#038;showinfo=1&#038;iv_load_policy=1&#038;fs=1&#038;hl=es-ES&#038;autohide=2&#038;wmode=transparent\" allowfullscreen=\"true\" style=\"border:0;\" sandbox=\"allow-scripts allow-same-origin allow-popups allow-presentation allow-popups-to-escape-sandbox\"><\/iframe><\/span>\n<\/div><\/figure>\n\n\n\n<p class=\"has-large-font-size wp-block-paragraph\">Y llegamos al final, del disco, y de la noche de fiesta&#8230; con un tema instrumental&#8230; en el que nos acompa\u00f1a en la \u00abbajona\u00bb, en el camino a casa en el taxi&#8230; en el metro, o en el bus&#8230; el que te lleva a tu realidad&#8230; la que sea&#8230; la que te lleva al arrepentimiento por lo que hayas podido hacer&#8230; o dejado de hacer. <strong><em>The house<\/em><\/strong>&#8230; tu realidad.<\/p>\n\n\n\n<figure class=\"wp-block-embed is-type-video is-provider-youtube wp-block-embed-youtube wp-embed-aspect-4-3 wp-has-aspect-ratio\"><div class=\"wp-block-embed__wrapper\">\n<span class=\"embed-youtube\" style=\"text-align:center; display: block;\"><iframe loading=\"lazy\" class=\"youtube-player\" width=\"640\" height=\"360\" src=\"https:\/\/www.youtube.com\/embed\/C10M6HOZWEQ?version=3&#038;rel=1&#038;showsearch=0&#038;showinfo=1&#038;iv_load_policy=1&#038;fs=1&#038;hl=es-ES&#038;autohide=2&#038;wmode=transparent\" allowfullscreen=\"true\" style=\"border:0;\" sandbox=\"allow-scripts allow-same-origin allow-popups allow-presentation allow-popups-to-escape-sandbox\"><\/iframe><\/span>\n<\/div><\/figure>\n\n\n\n<p class=\"wp-block-paragraph\">Aqu\u00ed el disco en calidad Spotify.<\/p>\n\n\n\n<figure class=\"wp-block-embed is-type-rich is-provider-spotify wp-block-embed-spotify wp-embed-aspect-21-9 wp-has-aspect-ratio\"><div class=\"wp-block-embed__wrapper\">\n<div class=\"embed-spotify\"><iframe title=\"Spotify Embed: US\" style=\"border-radius: 12px\" width=\"100%\" height=\"352\" frameborder=\"0\" allowfullscreen allow=\"autoplay; clipboard-write; encrypted-media; fullscreen; picture-in-picture\" loading=\"lazy\" src=\"https:\/\/open.spotify.com\/embed\/album\/1d3QBsjA2QtpdITdSvgStO?si=pm-PhecpSvKXKaK-ldPvPg&#038;utm_source=oembed\"><\/iframe><\/div>\n<\/div><\/figure>\n\n\n\n<p class=\"has-large-font-size wp-block-paragraph\">ULTRA SOUND debuta con US&#8230; y ahora estar\u00e1n fuera de Europa casi un a\u00f1o en su gira norteamericana. Espero que por el camino nos vuelvan a dejar m\u00e1s canciones, o la espera ser\u00e1 demasiado larga.<\/p>\n","protected":false},"excerpt":{"rendered":"<p>Llevamos mucho tiempo siguiendo a los Ultra Sunn, de hecho son habituales en nuestras playlist mensuales. Y estamos muy contentos porque nos acaba de llegar por fin, su \u00e1lbum debut<\/p>\n","protected":false},"author":37710108,"featured_media":2512,"comment_status":"open","ping_status":"open","sticky":false,"template":"","format":"standard","meta":{"_coblocks_attr":"","_coblocks_dimensions":"","_coblocks_responsive_height":"","_coblocks_accordion_ie_support":"","advanced_seo_description":"","jetpack_seo_html_title":"","jetpack_seo_noindex":false,"jetpack_seo_schema_type":"","_jetpack_newsletter_access":"","_jetpack_dont_email_post_to_subs":false,"_jetpack_newsletter_tier_id":0,"_jetpack_memberships_contains_paywalled_content":false,"_wpcom_ai_launchpad_first_post":false,"_jetpack_feature_clip_id":0,"_jetpack_memberships_contains_paid_content":false,"footnotes":"","jetpack_publicize_message":"","jetpack_publicize_feature_enabled":true,"jetpack_social_post_already_shared":false,"jetpack_social_options":{"image_generator_settings":{"template":"highway","default_image_id":0,"font":"","enabled":false},"version":2},"jetpack_post_was_ever_published":false},"categories":[141869301,9662161,22764,774,227546889,310458],"tags":[2724258,2295860,771014033,966420,791442932,791442938,696048166],"class_list":["post-2511","post","type-post","status-publish","format-standard","has-post-thumbnail","hentry","category-contemporary-electronica","category-dark-pop","category-electronic","category-musica","category-pospunk","category-synthpop","tag-2724258","tag-belgian-music","tag-coldwawe","tag-darkpop","tag-electronic","tag-new-wawe","tag-ultra-sunn"],"jetpack_publicize_connections":[],"jetpack_likes_enabled":true,"jetpack_sharing_enabled":true,"jetpack_shortlink":"https:\/\/wp.me\/p2AqRC-Ev","jetpack_featured_media_url":"https:\/\/i0.wp.com\/2solesmusica.com\/wp-content\/uploads\/2024\/04\/ultrasun-4081720823-e1713820724421.webp?fit=768%2C476&ssl=1","_links":{"self":[{"href":"https:\/\/2solesmusica.com\/index.php?rest_route=\/wp\/v2\/posts\/2511","targetHints":{"allow":["GET"]}}],"collection":[{"href":"https:\/\/2solesmusica.com\/index.php?rest_route=\/wp\/v2\/posts"}],"about":[{"href":"https:\/\/2solesmusica.com\/index.php?rest_route=\/wp\/v2\/types\/post"}],"author":[{"embeddable":true,"href":"https:\/\/2solesmusica.com\/index.php?rest_route=\/wp\/v2\/users\/37710108"}],"replies":[{"embeddable":true,"href":"https:\/\/2solesmusica.com\/index.php?rest_route=%2Fwp%2Fv2%2Fcomments&post=2511"}],"version-history":[{"count":25,"href":"https:\/\/2solesmusica.com\/index.php?rest_route=\/wp\/v2\/posts\/2511\/revisions"}],"predecessor-version":[{"id":2542,"href":"https:\/\/2solesmusica.com\/index.php?rest_route=\/wp\/v2\/posts\/2511\/revisions\/2542"}],"wp:featuredmedia":[{"embeddable":true,"href":"https:\/\/2solesmusica.com\/index.php?rest_route=\/wp\/v2\/media\/2512"}],"wp:attachment":[{"href":"https:\/\/2solesmusica.com\/index.php?rest_route=%2Fwp%2Fv2%2Fmedia&parent=2511"}],"wp:term":[{"taxonomy":"category","embeddable":true,"href":"https:\/\/2solesmusica.com\/index.php?rest_route=%2Fwp%2Fv2%2Fcategories&post=2511"},{"taxonomy":"post_tag","embeddable":true,"href":"https:\/\/2solesmusica.com\/index.php?rest_route=%2Fwp%2Fv2%2Ftags&post=2511"}],"curies":[{"name":"wp","href":"https:\/\/api.w.org\/{rel}","templated":true}]}}