{"id":291,"date":"2022-09-02T16:52:02","date_gmt":"2022-09-02T14:52:02","guid":{"rendered":"https:\/\/2solesmusica.com\/?p=291"},"modified":"2022-09-02T19:00:00","modified_gmt":"2022-09-02T17:00:00","slug":"playlist-y-repaso-del-cartel-del-viernes-9-de-septiembre-del-andalucia-big-festival","status":"publish","type":"post","link":"https:\/\/2solesmusica.com\/?p=291","title":{"rendered":"Playlist y repaso del cartel del viernes 9 de septiembre del Andaluc\u00eda Big Festival"},"content":{"rendered":"\n<p class=\"wp-block-paragraph\">Despu\u00e9s del revuelo formado por los cambios de \u00faltima hora del BIG y con los carteles definitivos en la calle, ayer comenzamos el repaso a los artistas que tendremos en el Andaluc\u00eda Big Festival.<\/p>\n\n\n\n<p class=\"wp-block-paragraph\">Hoy revisamos el viernes 9 de septiembre con el gran nombre de Jamiroquai coronando el cartel. El cartel en general, uno no sabe muy bien por donde cogerlo, o ver hilos de uni\u00f3n entre un artista y otro. Hay cosas demasiado dispares y en resumen lo veo un poco carente de artistas interesantes hasta el punto de hacer buen\u00edsimo el cartel del jueves.<\/p>\n\n\n\n<p class=\"wp-block-paragraph\">Vamos con el repaso.<\/p>\n\n\n\n<p class=\"wp-block-paragraph\"><strong>Jamiroquai <\/strong>no publica disco desde 2017 en el que vio la luz  Automaton, despu\u00e9s de un silencio de 10 a\u00f1os. A ver si no tenemos que esperar otros diez para que nos regale otro \u00e1lbum. Llevamos cinco esperando otra vez.<\/p>\n\n\n\n<p class=\"wp-block-paragraph\"><strong><em>Cloud 9<\/em><\/strong> fue mi canci\u00f3n en bucle durante meses, en especial la versi\u00f3n de <strong><em>Purple Disco Machine<\/em><\/strong>. Siempre he pensado que el gran m\u00e9rito y \u00e9xito de las canciones de Jamiroquai radica tambi\u00e9n en las excelentes versiones para pista de baile que le hacen sus colaboradores.<\/p>\n\n\n\n<figure class=\"wp-block-embed is-type-video is-provider-youtube wp-block-embed-youtube wp-embed-aspect-16-9 wp-has-aspect-ratio\"><div class=\"wp-block-embed__wrapper\">\n<span class=\"embed-youtube\" style=\"text-align:center; display: block;\"><iframe loading=\"lazy\" class=\"youtube-player\" width=\"640\" height=\"360\" src=\"https:\/\/www.youtube.com\/embed\/8y1h2KtpB4Q?version=3&#038;rel=1&#038;showsearch=0&#038;showinfo=1&#038;iv_load_policy=1&#038;fs=1&#038;hl=es-ES&#038;autohide=2&#038;wmode=transparent\" allowfullscreen=\"true\" style=\"border:0;\" sandbox=\"allow-scripts allow-same-origin allow-popups allow-presentation allow-popups-to-escape-sandbox\"><\/iframe><\/span>\n<\/div><\/figure>\n\n\n\n<p class=\"wp-block-paragraph\">De Jamiroquai espero un gran espect\u00e1culo de luz y sonido, dado que es su \u00fanico show en Europa este a\u00f1o. Su p\u00e1gina web oficial no recoge este concierto, adem\u00e1s tiene la pinta de estar abandonada, en su tienda virtual s\u00f3lo se vende una camiseta, y un llavero y ni siquiera hay enlaces desde su web a poder comprar sus discos. He tenido mis dudas de que estuviera vivo o haciendo m\u00fasica, pero su twitter me ha desvelado que lleva todo agosto subiendo fotos de sus vacaciones, paseos en barco, surf, y por supuesto de su colecci\u00f3n de coches deportivos valorados en m\u00e1s de 50 millones de d\u00f3lares. \u00a1Chico saca otro disco hombre que s\u00f3lo el seguro de los coches te debe costar una pasta!<\/p>\n\n\n\n<p class=\"wp-block-paragraph\">Suponemos que el mismo escenario estar\u00e1 el otro cabeza de cartel del BIG del viernes, <strong><em>Michael Kiwanuka <\/em><\/strong>que aunque en Espa\u00f1a est\u00e1 teniendo poco \u00e9xito, s\u00ed es conocido por su sonido soul y r&amp;b. En ocasiones pr\u00f3ximo al pop indie, en otras, tan alejado que se acerca m\u00e1s al jazz o la m\u00fasica folk ugandesa.<\/p>\n\n\n\n<figure class=\"wp-block-embed is-type-video is-provider-youtube wp-block-embed-youtube wp-embed-aspect-16-9 wp-has-aspect-ratio\"><div class=\"wp-block-embed__wrapper\">\n<span class=\"embed-youtube\" style=\"text-align:center; display: block;\"><iframe loading=\"lazy\" class=\"youtube-player\" width=\"640\" height=\"360\" src=\"https:\/\/www.youtube.com\/embed\/ivvs_qL6t_c?version=3&#038;rel=1&#038;showsearch=0&#038;showinfo=1&#038;iv_load_policy=1&#038;fs=1&#038;hl=es-ES&#038;autohide=2&#038;wmode=transparent\" allowfullscreen=\"true\" style=\"border:0;\" sandbox=\"allow-scripts allow-same-origin allow-popups allow-presentation allow-popups-to-escape-sandbox\"><\/iframe><\/span>\n<\/div><\/figure>\n\n\n\n<p class=\"wp-block-paragraph\"><strong><em>Glass Animals<\/em><\/strong>, otro cabeza de cartel, me parece un grupo sobrevalorado. \u00a1Ala, ya lo he dicho! Hab\u00eda que decirlo y he sido yo el que lo ha dicho y seguramente ser\u00e1n con estos con los que me vaya a mear. He hecho mis esfuerzos para buscar canciones de su discograf\u00eda que me despierten un m\u00ednimo de inter\u00e9s y chica, que no&#8230; que si quieres rice Catalina.<\/p>\n\n\n\n<figure class=\"wp-block-embed is-type-video is-provider-youtube wp-block-embed-youtube wp-embed-aspect-16-9 wp-has-aspect-ratio\"><div class=\"wp-block-embed__wrapper\">\n<span class=\"embed-youtube\" style=\"text-align:center; display: block;\"><iframe loading=\"lazy\" class=\"youtube-player\" width=\"640\" height=\"360\" src=\"https:\/\/www.youtube.com\/embed\/mRD0-GxqHVo?version=3&#038;rel=1&#038;showsearch=0&#038;showinfo=1&#038;iv_load_policy=1&#038;fs=1&#038;hl=es-ES&#038;autohide=2&#038;wmode=transparent\" allowfullscreen=\"true\" style=\"border:0;\" sandbox=\"allow-scripts allow-same-origin allow-popups allow-presentation allow-popups-to-escape-sandbox\"><\/iframe><\/span>\n<\/div><\/figure>\n\n\n\n<p class=\"wp-block-paragraph\"><strong><em>Nova Twins<\/em><\/strong> le metar\u00e1n fuego al escenario del viernes con sus potentes guitarras. Brit\u00e1nicas, se han hecho con una legi\u00f3n de fans que adoran sus looks y puesta en escena.<\/p>\n\n\n\n<figure class=\"wp-block-embed is-type-video is-provider-youtube wp-block-embed-youtube wp-embed-aspect-16-9 wp-has-aspect-ratio\"><div class=\"wp-block-embed__wrapper\">\n<span class=\"embed-youtube\" style=\"text-align:center; display: block;\"><iframe loading=\"lazy\" class=\"youtube-player\" width=\"640\" height=\"360\" src=\"https:\/\/www.youtube.com\/embed\/p5iJPWy7CSc?version=3&#038;rel=1&#038;showsearch=0&#038;showinfo=1&#038;iv_load_policy=1&#038;fs=1&#038;hl=es-ES&#038;autohide=2&#038;wmode=transparent\" allowfullscreen=\"true\" style=\"border:0;\" sandbox=\"allow-scripts allow-same-origin allow-popups allow-presentation allow-popups-to-escape-sandbox\"><\/iframe><\/span>\n<\/div><\/figure>\n\n\n\n<p class=\"wp-block-paragraph\"><mark style=\"background-color:rgba(0,0,0,0);color:#000000;\" class=\"has-inline-color has-black-color\"><strong>GOA<\/strong><\/mark> (no confundir con los eurovisivos y ucranianos Go_A), punk, alternativo, rock, emo, cloud rap, y lo que se invente. Seguro que no deja indiferente a nadie. M\u00fasica urbana pero con influencias de muchos estilos.<\/p>\n\n\n\n<figure class=\"wp-block-embed is-type-video is-provider-youtube wp-block-embed-youtube wp-embed-aspect-4-3 wp-has-aspect-ratio\"><div class=\"wp-block-embed__wrapper\">\n<span class=\"embed-youtube\" style=\"text-align:center; display: block;\"><iframe loading=\"lazy\" class=\"youtube-player\" width=\"640\" height=\"360\" src=\"https:\/\/www.youtube.com\/embed\/b59VbdPpU_Q?version=3&#038;rel=1&#038;showsearch=0&#038;showinfo=1&#038;iv_load_policy=1&#038;fs=1&#038;hl=es-ES&#038;autohide=2&#038;wmode=transparent\" allowfullscreen=\"true\" style=\"border:0;\" sandbox=\"allow-scripts allow-same-origin allow-popups allow-presentation allow-popups-to-escape-sandbox\"><\/iframe><\/span>\n<\/div><\/figure>\n\n\n\n<p class=\"wp-block-paragraph\"><strong><em>Nicki Hill<\/em><\/strong> va a ser el gran descubrimiento del festival. De ella hablar\u00e1 todo el p\u00fablico que no se vaya a mear animado por no saber quien es. Ya te anuncio que Aretha Franklin y Tina Turner pueden habitar el cuerpo de una sola persona, y ese es el caso de Nicki. <\/p>\n\n\n\n<p class=\"wp-block-paragraph\">\u00bfSe puede llevar a<strong><em> AC\/DC <\/em><\/strong>hacia el R&amp;B? S\u00ed se puede y <strong>Tigret\u00f3n<\/strong> va a flipar.<\/p>\n\n\n\n<figure class=\"wp-block-embed is-type-video is-provider-youtube wp-block-embed-youtube wp-embed-aspect-16-9 wp-has-aspect-ratio\"><div class=\"wp-block-embed__wrapper\">\n<span class=\"embed-youtube\" style=\"text-align:center; display: block;\"><iframe loading=\"lazy\" class=\"youtube-player\" width=\"640\" height=\"360\" src=\"https:\/\/www.youtube.com\/embed\/DvQdybv8EGE?version=3&#038;rel=1&#038;showsearch=0&#038;showinfo=1&#038;iv_load_policy=1&#038;fs=1&#038;hl=es-ES&#038;autohide=2&#038;wmode=transparent\" allowfullscreen=\"true\" style=\"border:0;\" sandbox=\"allow-scripts allow-same-origin allow-popups allow-presentation allow-popups-to-escape-sandbox\"><\/iframe><\/span>\n<\/div><\/figure>\n\n\n\n<p class=\"wp-block-paragraph\"><strong><em>Kevin Morbi<\/em><\/strong> es estadounidense y tiene 8 LP&#8217;s en el mercado, el \u00faltimo editado el pasado 13 de mayo con el t\u00edtulo <strong><em>This is a Photograph<\/em><\/strong>. Hace indie y folk, y aunque nunca he entrado en una lista de \u00e9xito, creo que nunca ha sido su intenci\u00f3n, se mantiene en el mercado gracias o lo especial de sus directos.<\/p>\n\n\n\n<figure class=\"wp-block-embed is-type-video is-provider-youtube wp-block-embed-youtube wp-embed-aspect-16-9 wp-has-aspect-ratio\"><div class=\"wp-block-embed__wrapper\">\n<span class=\"embed-youtube\" style=\"text-align:center; display: block;\"><iframe loading=\"lazy\" class=\"youtube-player\" width=\"640\" height=\"360\" src=\"https:\/\/www.youtube.com\/embed\/xRd4OjaDE4k?version=3&#038;rel=1&#038;showsearch=0&#038;showinfo=1&#038;iv_load_policy=1&#038;fs=1&#038;hl=es-ES&#038;autohide=2&#038;wmode=transparent\" allowfullscreen=\"true\" style=\"border:0;\" sandbox=\"allow-scripts allow-same-origin allow-popups allow-presentation allow-popups-to-escape-sandbox\"><\/iframe><\/span>\n<\/div><\/figure>\n\n\n\n<p class=\"wp-block-paragraph\"><strong><em>La Perra Blanco<\/em><\/strong>, de la L\u00ednea de la Concepci\u00f3n, es un trio que hace <strong><em>rockabilly<\/em><\/strong>. Espero que no les hagan tocar de los primeros, o me los perder\u00e9,<\/p>\n\n\n\n<figure class=\"wp-block-embed is-type-video is-provider-youtube wp-block-embed-youtube wp-embed-aspect-16-9 wp-has-aspect-ratio\"><div class=\"wp-block-embed__wrapper\">\n<span class=\"embed-youtube\" style=\"text-align:center; display: block;\"><iframe loading=\"lazy\" class=\"youtube-player\" width=\"640\" height=\"360\" src=\"https:\/\/www.youtube.com\/embed\/5aXKE1_g5kk?version=3&#038;rel=1&#038;showsearch=0&#038;showinfo=1&#038;iv_load_policy=1&#038;fs=1&#038;hl=es-ES&#038;autohide=2&#038;wmode=transparent\" allowfullscreen=\"true\" style=\"border:0;\" sandbox=\"allow-scripts allow-same-origin allow-popups allow-presentation allow-popups-to-escape-sandbox\"><\/iframe><\/span>\n<\/div><\/figure>\n\n\n\n<p class=\"wp-block-paragraph\"><strong><em>Los Zigarros<\/em><\/strong> son una banda rock de Valencia. La fecha del Andaluc\u00eda Big Festival no est\u00e1 recogida en su web oficial, pero s\u00ed la del d\u00eda anterior en Granada. Otros que puede que no vengan. Su \u00faltima publicaci\u00f3n discogr\u00e1fica fue el vinilo del concierto en el Disco Price de Madrid en 2020. Un brutal concierto que esperan repetir alg\u00fan d\u00eda, lo que pasa es que aquel d\u00eda se alinearon muchas estrellas en el firmamento (Ariel Rot, Leiva, Fito, Aurora Garc\u00eda, Angel Vera, Tarque, etc) para que aquello saliese tan bien.<\/p>\n\n\n\n<figure class=\"wp-block-embed is-type-video is-provider-youtube wp-block-embed-youtube wp-embed-aspect-16-9 wp-has-aspect-ratio\"><div class=\"wp-block-embed__wrapper\">\n<span class=\"embed-youtube\" style=\"text-align:center; display: block;\"><iframe loading=\"lazy\" class=\"youtube-player\" width=\"640\" height=\"360\" src=\"https:\/\/www.youtube.com\/embed\/aN06wUj01kg?version=3&#038;rel=1&#038;showsearch=0&#038;showinfo=1&#038;iv_load_policy=1&#038;fs=1&#038;hl=es-ES&#038;autohide=2&#038;wmode=transparent\" allowfullscreen=\"true\" style=\"border:0;\" sandbox=\"allow-scripts allow-same-origin allow-popups allow-presentation allow-popups-to-escape-sandbox\"><\/iframe><\/span>\n<\/div><\/figure>\n\n\n\n<p class=\"wp-block-paragraph\"><strong><em>Montell Fish<\/em><\/strong> ha surgido de la red tik tok gracias a la canci\u00f3n talk 2 me. Se le ha etiquedado como autor de m\u00fasica cristiana, con lo de puertas que te cierra por un lado y te puede abrir por otro. M\u00fasica evocadora para hacerte sentir cosas por el ser supremo&#8230; No voy a ser yo el que niegue, de su absoluta y rotunda calidad vocal y art\u00edstica. M\u00e1s de 4 millones de oyentes mensuales en spotify le avalan.<\/p>\n\n\n\n<p class=\"wp-block-paragraph\"><\/p>\n\n\n\n<figure class=\"wp-block-embed is-type-video is-provider-youtube wp-block-embed-youtube wp-embed-aspect-16-9 wp-has-aspect-ratio\"><div class=\"wp-block-embed__wrapper\">\n<span class=\"embed-youtube\" style=\"text-align:center; display: block;\"><iframe loading=\"lazy\" class=\"youtube-player\" width=\"640\" height=\"360\" src=\"https:\/\/www.youtube.com\/embed\/pcsSxjO-Pk4?version=3&#038;rel=1&#038;showsearch=0&#038;showinfo=1&#038;iv_load_policy=1&#038;fs=1&#038;hl=es-ES&#038;autohide=2&#038;wmode=transparent\" allowfullscreen=\"true\" style=\"border:0;\" sandbox=\"allow-scripts allow-same-origin allow-popups allow-presentation allow-popups-to-escape-sandbox\"><\/iframe><\/span>\n<\/div><\/figure>\n\n\n\n<p class=\"wp-block-paragraph\"><strong><em>Ni\u00f1os Mutantes<\/em><\/strong>, la banda granadina, son valor seguro en festivales. Hace 3 meses publicaron un single adelanto de lo que est\u00e1 por venir. Su nuevo LP de estudio. \u00bfEstrenar\u00e1n alguna canci\u00f3n nueva o nos har\u00e1n una recopilaci\u00f3n de sus \u00e9xitos?<\/p>\n\n\n\n<p class=\"wp-block-paragraph\"><strong><em>Mensajes<\/em><\/strong>, su nueva canci\u00f3n, desde luego nos muestra la innegable calidad musical de la banda, a parte de su madurez art\u00edstica en el panorama nacional.<\/p>\n\n\n\n<figure class=\"wp-block-embed is-type-video is-provider-youtube wp-block-embed-youtube wp-embed-aspect-16-9 wp-has-aspect-ratio\"><div class=\"wp-block-embed__wrapper\">\n<span class=\"embed-youtube\" style=\"text-align:center; display: block;\"><iframe loading=\"lazy\" class=\"youtube-player\" width=\"640\" height=\"360\" src=\"https:\/\/www.youtube.com\/embed\/EhvDeIuDrOk?version=3&#038;rel=1&#038;showsearch=0&#038;showinfo=1&#038;iv_load_policy=1&#038;fs=1&#038;hl=es-ES&#038;autohide=2&#038;wmode=transparent\" allowfullscreen=\"true\" style=\"border:0;\" sandbox=\"allow-scripts allow-same-origin allow-popups allow-presentation allow-popups-to-escape-sandbox\"><\/iframe><\/span>\n<\/div><\/figure>\n\n\n\n<p class=\"wp-block-paragraph\"><strong>Paolo Nutini<\/strong>, a pesar de su nombre es un catautor escoc\u00e9s que empezaba con su proyecto musical pop, folk, blues, en 2005, nominado al Britt Award en 2009, s\u00ed gan\u00f3 el premio 2008 al mejor compositor por la ASCAP y obtuvo el premio en 2011 al mejor show del a\u00f1o. Ha sido #1 en UK.<\/p>\n\n\n\n<p class=\"wp-block-paragraph\">Acaba de publicar (1 de julio 2022) su nuevo LP <strong><em>Last Night in the Bittersweat<\/em><\/strong> con 16 canciones, que poco a poco va entrando entre sus fans ya que el disco merece varias escuchas.<\/p>\n\n\n\n<figure class=\"wp-block-embed is-type-video is-provider-youtube wp-block-embed-youtube wp-embed-aspect-16-9 wp-has-aspect-ratio\"><div class=\"wp-block-embed__wrapper\">\n<span class=\"embed-youtube\" style=\"text-align:center; display: block;\"><iframe loading=\"lazy\" class=\"youtube-player\" width=\"640\" height=\"360\" src=\"https:\/\/www.youtube.com\/embed\/IHauhYNSBog?version=3&#038;rel=1&#038;showsearch=0&#038;showinfo=1&#038;iv_load_policy=1&#038;fs=1&#038;hl=es-ES&#038;autohide=2&#038;wmode=transparent\" allowfullscreen=\"true\" style=\"border:0;\" sandbox=\"allow-scripts allow-same-origin allow-popups allow-presentation allow-popups-to-escape-sandbox\"><\/iframe><\/span>\n<\/div><\/figure>\n\n\n\n<p class=\"wp-block-paragraph\"><strong><em>Sports team <\/em><\/strong>son un grupo brit\u00e1nico de pop alternativo nacidos en 2016 en la universidad de Cambridge. Un Lp en 2020, y 4 singles adelanto de su pr\u00f3ximo disco <strong><em>GULP! <\/em><\/strong>que se pondr\u00e1 a la venta el pr\u00f3ximo 23 de septiembre.<\/p>\n\n\n\n<p class=\"wp-block-paragraph\"><\/p>\n\n\n\n<figure class=\"wp-block-embed is-type-video is-provider-youtube wp-block-embed-youtube wp-embed-aspect-16-9 wp-has-aspect-ratio\"><div class=\"wp-block-embed__wrapper\">\n<span class=\"embed-youtube\" style=\"text-align:center; display: block;\"><iframe loading=\"lazy\" class=\"youtube-player\" width=\"640\" height=\"360\" src=\"https:\/\/www.youtube.com\/embed\/42R1aCIPJCY?version=3&#038;rel=1&#038;showsearch=0&#038;showinfo=1&#038;iv_load_policy=1&#038;fs=1&#038;hl=es-ES&#038;autohide=2&#038;wmode=transparent\" allowfullscreen=\"true\" style=\"border:0;\" sandbox=\"allow-scripts allow-same-origin allow-popups allow-presentation allow-popups-to-escape-sandbox\"><\/iframe><\/span>\n<\/div><\/figure>\n\n\n\n<p class=\"wp-block-paragraph\">La belga, <strong><em>Sylvie Kreusch<\/em><\/strong> ha pasado por alguna de nuestras playlist del pasado y es una habitual de este blog y de su etapa del pasado el<em> Lumiere Noire Musique<\/em>.  No hab\u00edamos tenido la oportunidad de verla en directo, veremos qu\u00e9 tal resulta.<\/p>\n\n\n\n<p class=\"wp-block-paragraph\"><\/p>\n\n\n\n<figure class=\"wp-block-embed is-type-video is-provider-youtube wp-block-embed-youtube wp-embed-aspect-16-9 wp-has-aspect-ratio\"><div class=\"wp-block-embed__wrapper\">\n<span class=\"embed-youtube\" style=\"text-align:center; display: block;\"><iframe loading=\"lazy\" class=\"youtube-player\" width=\"640\" height=\"360\" src=\"https:\/\/www.youtube.com\/embed\/h388IMquh6I?version=3&#038;rel=1&#038;showsearch=0&#038;showinfo=1&#038;iv_load_policy=1&#038;fs=1&#038;hl=es-ES&#038;autohide=2&#038;wmode=transparent\" allowfullscreen=\"true\" style=\"border:0;\" sandbox=\"allow-scripts allow-same-origin allow-popups allow-presentation allow-popups-to-escape-sandbox\"><\/iframe><\/span>\n<\/div><\/figure>\n\n\n\n<p class=\"wp-block-paragraph\"><strong><em>The Dip<\/em><\/strong> son m\u00fasicos profesionales que provienen de una escuela de jazz de la universidad de Seattle. Por tanto nos vamos a encontrar una alta calidad y sobre todo momentos de genialidad ante unos m\u00fasicos muy j\u00f3venes que se crecen en el escenario en directo. En febrero de 2022 publicaron su \u00faltimo EP Real Contender.<\/p>\n\n\n\n<p class=\"wp-block-paragraph\"><\/p>\n\n\n\n<figure class=\"wp-block-embed is-type-video is-provider-youtube wp-block-embed-youtube wp-embed-aspect-16-9 wp-has-aspect-ratio\"><div class=\"wp-block-embed__wrapper\">\n<span class=\"embed-youtube\" style=\"text-align:center; display: block;\"><iframe loading=\"lazy\" class=\"youtube-player\" width=\"640\" height=\"360\" src=\"https:\/\/www.youtube.com\/embed\/ZSRNQJPCyDg?version=3&#038;rel=1&#038;showsearch=0&#038;showinfo=1&#038;iv_load_policy=1&#038;fs=1&#038;hl=es-ES&#038;autohide=2&#038;wmode=transparent\" allowfullscreen=\"true\" style=\"border:0;\" sandbox=\"allow-scripts allow-same-origin allow-popups allow-presentation allow-popups-to-escape-sandbox\"><\/iframe><\/span>\n<\/div><\/figure>\n\n\n\n<p class=\"wp-block-paragraph\"><strong><em>Vetusta Morla<\/em><\/strong> tambi\u00e9n estar\u00e1n en el gran escenario del Andaluc\u00eda Big.  Me compr\u00e9 su primer LP en 2008 con el titulo Un d\u00eda en el mundo, porque me parec\u00eda de los m\u00e1s innovador y acojonantemente bueno que hab\u00eda escuchado nunca. Desde entonces no encuentro el sentido a Vetusta Morla que veo disco tras disco que no evoluciona y ofrece siempre algo que no inspira como lo hizo <strong><em>s\u00e1lvese quien pueda<\/em><\/strong>.<\/p>\n\n\n\n<figure class=\"wp-block-embed is-type-video is-provider-youtube wp-block-embed-youtube wp-embed-aspect-16-9 wp-has-aspect-ratio\"><div class=\"wp-block-embed__wrapper\">\n<span class=\"embed-youtube\" style=\"text-align:center; display: block;\"><iframe loading=\"lazy\" class=\"youtube-player\" width=\"640\" height=\"360\" src=\"https:\/\/www.youtube.com\/embed\/FKAO5PVTy6Y?version=3&#038;rel=1&#038;showsearch=0&#038;showinfo=1&#038;iv_load_policy=1&#038;fs=1&#038;hl=es-ES&#038;autohide=2&#038;wmode=transparent\" allowfullscreen=\"true\" style=\"border:0;\" sandbox=\"allow-scripts allow-same-origin allow-popups allow-presentation allow-popups-to-escape-sandbox\"><\/iframe><\/span>\n<\/div><\/figure>\n\n\n\n<p class=\"wp-block-paragraph\"><strong>YARD ACT<\/strong> con ellos llegamos al final de nuestro repaso.  Son un grupo brit\u00e1nico de pop, o de pop urbano, sin llegar al hip hop expl\u00edcito. Sacaron su LP 2022 The Overload en el mes de enero.<\/p>\n\n\n\n<figure class=\"wp-block-embed is-type-video is-provider-youtube wp-block-embed-youtube wp-embed-aspect-16-9 wp-has-aspect-ratio\"><div class=\"wp-block-embed__wrapper\">\n<span class=\"embed-youtube\" style=\"text-align:center; display: block;\"><iframe loading=\"lazy\" class=\"youtube-player\" width=\"640\" height=\"360\" src=\"https:\/\/www.youtube.com\/embed\/tQ2ANR_vF2E?version=3&#038;rel=1&#038;showsearch=0&#038;showinfo=1&#038;iv_load_policy=1&#038;fs=1&#038;hl=es-ES&#038;autohide=2&#038;wmode=transparent\" allowfullscreen=\"true\" style=\"border:0;\" sandbox=\"allow-scripts allow-same-origin allow-popups allow-presentation allow-popups-to-escape-sandbox\"><\/iframe><\/span>\n<\/div><\/figure>\n\n\n\n<p class=\"wp-block-paragraph\">Hemos actualizado la playlist con estas nuevas canciones. Ver\u00e1s que las cancones de la 1 a la 30 son del jueves 8, y que las cancones de la 31 a la 61 son del viernes 9. Espero tus comentarios y qu\u00e9 bandas son las que te interesan<\/p>\n\n\n\n<figure class=\"wp-block-embed is-type-rich is-provider-spotify wp-block-embed-spotify wp-embed-aspect-21-9 wp-has-aspect-ratio\"><div class=\"wp-block-embed__wrapper\">\n<div class=\"embed-spotify\"><iframe title=\"Spotify Embed: ANDALUC\u00cdA BIG FESTIVAL 2022\" style=\"border-radius: 12px\" width=\"100%\" height=\"352\" frameborder=\"0\" allowfullscreen allow=\"autoplay; clipboard-write; encrypted-media; fullscreen; picture-in-picture\" loading=\"lazy\" src=\"https:\/\/open.spotify.com\/embed\/playlist\/3bpC9AwE2rCzIMeMgrq7X6?si=29f42635524f42b8&#038;utm_source=oembed\"><\/iframe><\/div>\n<\/div><\/figure>\n","protected":false},"excerpt":{"rendered":"<p>Repasamos el segundo d\u00eda del Andaluc\u00eda Big Festival. Jamiroquai, Vetusla Morla, Glass Animal, Michel Kiwanuka, Paolo Nutini, Kevin Morby, Los Zigarros, Sports Time, Nova Twins, Ni\u00f1os Mutantes, montell Fish, Shylvie Kreusch, The Dip, La Perra Blanco, GOA.<\/p>\n","protected":false},"author":37710108,"featured_media":342,"comment_status":"open","ping_status":"open","sticky":false,"template":"","format":"standard","meta":{"_coblocks_attr":"","_coblocks_dimensions":"","_coblocks_responsive_height":"","_coblocks_accordion_ie_support":"","advanced_seo_description":"","jetpack_seo_html_title":"","jetpack_seo_noindex":false,"jetpack_seo_schema_type":"","_jetpack_newsletter_access":"","_jetpack_dont_email_post_to_subs":false,"_jetpack_newsletter_tier_id":0,"_jetpack_memberships_contains_paywalled_content":false,"_wpcom_ai_launchpad_first_post":false,"_jetpack_feature_clip_id":0,"_jetpack_memberships_contains_paid_content":false,"footnotes":"","jetpack_publicize_message":"","jetpack_publicize_feature_enabled":true,"jetpack_social_post_already_shared":false,"jetpack_social_options":{"image_generator_settings":{"template":"highway","default_image_id":0,"font":"","enabled":false},"version":2},"jetpack_post_was_ever_published":false},"categories":[22764,27726,774,3991,276492],"tags":[791442927,755288885,791442933,23161,31216,791442928,791442924,791442936,724422037],"class_list":["post-291","post","type-post","status-publish","format-standard","has-post-thumbnail","hentry","category-electronic","category-festivales","category-musica","category-pop","category-rockabilly","tag-dance","tag-festival-andalucia-big","tag-festivales","tag-gospel","tag-musica-cristiana","tag-pop","tag-rock","tag-rockabilly","tag-verano-2022"],"jetpack_publicize_connections":[],"jetpack_likes_enabled":true,"jetpack_sharing_enabled":true,"jetpack_shortlink":"https:\/\/wp.me\/p2AqRC-4H","jetpack_featured_media_url":"https:\/\/i0.wp.com\/2solesmusica.com\/wp-content\/uploads\/2022\/09\/jamiroquai.jpg?fit=1780%2C1172&ssl=1","_links":{"self":[{"href":"https:\/\/2solesmusica.com\/index.php?rest_route=\/wp\/v2\/posts\/291","targetHints":{"allow":["GET"]}}],"collection":[{"href":"https:\/\/2solesmusica.com\/index.php?rest_route=\/wp\/v2\/posts"}],"about":[{"href":"https:\/\/2solesmusica.com\/index.php?rest_route=\/wp\/v2\/types\/post"}],"author":[{"embeddable":true,"href":"https:\/\/2solesmusica.com\/index.php?rest_route=\/wp\/v2\/users\/37710108"}],"replies":[{"embeddable":true,"href":"https:\/\/2solesmusica.com\/index.php?rest_route=%2Fwp%2Fv2%2Fcomments&post=291"}],"version-history":[{"count":25,"href":"https:\/\/2solesmusica.com\/index.php?rest_route=\/wp\/v2\/posts\/291\/revisions"}],"predecessor-version":[{"id":354,"href":"https:\/\/2solesmusica.com\/index.php?rest_route=\/wp\/v2\/posts\/291\/revisions\/354"}],"wp:featuredmedia":[{"embeddable":true,"href":"https:\/\/2solesmusica.com\/index.php?rest_route=\/wp\/v2\/media\/342"}],"wp:attachment":[{"href":"https:\/\/2solesmusica.com\/index.php?rest_route=%2Fwp%2Fv2%2Fmedia&parent=291"}],"wp:term":[{"taxonomy":"category","embeddable":true,"href":"https:\/\/2solesmusica.com\/index.php?rest_route=%2Fwp%2Fv2%2Fcategories&post=291"},{"taxonomy":"post_tag","embeddable":true,"href":"https:\/\/2solesmusica.com\/index.php?rest_route=%2Fwp%2Fv2%2Ftags&post=291"}],"curies":[{"name":"wp","href":"https:\/\/api.w.org\/{rel}","templated":true}]}}