{"id":413,"date":"2022-09-08T09:41:22","date_gmt":"2022-09-08T07:41:22","guid":{"rendered":"https:\/\/2solesmusica.com\/?p=413"},"modified":"2022-09-08T09:41:22","modified_gmt":"2022-09-08T07:41:22","slug":"sofia-portanet","status":"publish","type":"post","link":"https:\/\/2solesmusica.com\/?p=413","title":{"rendered":"Sofia Portanet la \u00faltima reci\u00e9n llegada alemana, joven promesa de la l\u00edrica que canta con Kreator."},"content":{"rendered":"\n<p class=\"wp-block-paragraph\"><strong><em>Sofia Portanet<\/em><\/strong>, de madres alemanas y espa\u00f1ola, cantante l\u00edrica, hace canciones pop que van de lo g\u00f3tico al new wawe. Ella sencilla, se ha convertido en una estrella emergente que la BBC ha denominado como \u00abla pr\u00f3xima estrella pop internacional alemana\u00bb, Redbull la ha incluido en su listado de \u00abcolaboradores\u00bb para su marca y la asociaci\u00f3n de compa\u00f1\u00edas musicales independientes la ha nombrado como la mejor debutante de 2021.<\/p>\n\n\n\n<p class=\"wp-block-paragraph\">Todo eso le ha allanado mucho el camino para llegar a plantearse tener su primer n\u00famero 1 alem\u00e1n y europeo en este 2022. Veremos si llega, o tenemos que irnos a 2023.<\/p>\n\n\n\n<div class=\"wp-block-media-text alignwide is-stacked-on-mobile\"><figure class=\"wp-block-media-text__media\"><img data-recalc-dims=\"1\" loading=\"lazy\" decoding=\"async\" width=\"640\" height=\"640\" data-attachment-id=\"431\" data-permalink=\"https:\/\/2solesmusica.com\/?attachment_id=431\" data-orig-file=\"https:\/\/i0.wp.com\/2solesmusica.com\/wp-content\/uploads\/2022\/09\/sofiaportanet2.jpg?fit=640%2C640&amp;ssl=1\" data-orig-size=\"640,640\" data-comments-opened=\"1\" data-image-meta=\"{&quot;aperture&quot;:&quot;0&quot;,&quot;credit&quot;:&quot;&quot;,&quot;camera&quot;:&quot;&quot;,&quot;caption&quot;:&quot;&quot;,&quot;created_timestamp&quot;:&quot;0&quot;,&quot;copyright&quot;:&quot;&quot;,&quot;focal_length&quot;:&quot;0&quot;,&quot;iso&quot;:&quot;0&quot;,&quot;shutter_speed&quot;:&quot;0&quot;,&quot;title&quot;:&quot;&quot;,&quot;orientation&quot;:&quot;0&quot;}\" data-image-title=\"sofiaportanet2\" data-image-description=\"\" data-image-caption=\"\" data-large-file=\"https:\/\/i0.wp.com\/2solesmusica.com\/wp-content\/uploads\/2022\/09\/sofiaportanet2.jpg?fit=640%2C640&amp;ssl=1\" src=\"https:\/\/i0.wp.com\/2solesmusica.com\/wp-content\/uploads\/2022\/09\/sofiaportanet2.jpg?resize=640%2C640&#038;ssl=1\" alt=\"\" class=\"wp-image-431 size-full\" \/><\/figure><div class=\"wp-block-media-text__content\">\n<p class=\"wp-block-paragraph\">Sofia Portanet se ha convertido en la gallina de los huevos de oro de la industria musical alemana. Detr\u00e1s de ella hay productores, asesores de imagen y hasta cien personas que est\u00e1n empe\u00f1ados en lanzar la carrera de esta artista de la que esperan mucha rentabilidad.<\/p>\n\n\n\n<p class=\"wp-block-paragraph\">Canta en alem\u00e1n, franc\u00e9s e ingl\u00e9s, lo que convierte en objetivo cualquier mercado que se encuentre en esas lenguas.<\/p>\n<\/div><\/div>\n\n\n\n<p class=\"wp-block-paragraph\">En 2020 public\u00f3 su primer LP <em><strong>Freier Geist<\/strong><\/em>, y pensamos que va a llegar muy pronto el segundo, puede que antes de final de a\u00f1o, ya que ha adelantado al menos dos canciones en lo que llevamos de 2022. A nosotros nos ha gustado muuuuucho este <em><strong>Mi Amor<\/strong><\/em>&#8230; <\/p>\n\n\n\n<p class=\"wp-block-paragraph\"><\/p>\n\n\n\n<figure class=\"wp-block-embed is-type-video is-provider-youtube wp-block-embed-youtube wp-embed-aspect-16-9 wp-has-aspect-ratio\"><div class=\"wp-block-embed__wrapper\">\n<span class=\"embed-youtube\" style=\"text-align:center; display: block;\"><iframe loading=\"lazy\" class=\"youtube-player\" width=\"640\" height=\"360\" src=\"https:\/\/www.youtube.com\/embed\/-JWGekCWPnk?version=3&#038;rel=1&#038;showsearch=0&#038;showinfo=1&#038;iv_load_policy=1&#038;fs=1&#038;hl=es-ES&#038;autohide=2&#038;wmode=transparent\" allowfullscreen=\"true\" style=\"border:0;\" sandbox=\"allow-scripts allow-same-origin allow-popups allow-presentation allow-popups-to-escape-sandbox\"><\/iframe><\/span>\n<\/div><\/figure>\n\n\n\n<p class=\"wp-block-paragraph\">En el pasado mes de mayo se public\u00f3 como single del grupo KREATOR esta colaboraci\u00f3n de voz e imagen para el videoclip inspirado en Mindsonar, muy bien recibido y que a\u00f1ade otro registro m\u00e1s a la cantante en el que suena bien, y ella se siente c\u00f3moda. La colaboraci\u00f3n ha servido para el lanzamiento internacional de la artista que se ha visto catapultada en distintos mercados europeos.<\/p>\n\n\n\n<figure class=\"wp-block-embed is-type-video is-provider-youtube wp-block-embed-youtube wp-embed-aspect-16-9 wp-has-aspect-ratio\"><div class=\"wp-block-embed__wrapper\">\n<span class=\"embed-youtube\" style=\"text-align:center; display: block;\"><iframe loading=\"lazy\" class=\"youtube-player\" width=\"640\" height=\"360\" src=\"https:\/\/www.youtube.com\/embed\/5REwYjaYKLk?version=3&#038;rel=1&#038;showsearch=0&#038;showinfo=1&#038;iv_load_policy=1&#038;fs=1&#038;hl=es-ES&#038;autohide=2&#038;wmode=transparent\" allowfullscreen=\"true\" style=\"border:0;\" sandbox=\"allow-scripts allow-same-origin allow-popups allow-presentation allow-popups-to-escape-sandbox\"><\/iframe><\/span>\n<\/div><\/figure>\n\n\n\n<p class=\"wp-block-paragraph\">Est\u00e1 claro que alguien se est\u00e1 tomando muchas molestias en moverla por donde haga falta para darle visibilidad en el registro que sea para no encasillarla, al menos de momento.<\/p>\n\n\n\n<p class=\"wp-block-paragraph\"><strong><em>Freire Geist,<\/em><\/strong> fue single hace cuatro a\u00f1os.<\/p>\n\n\n\n<figure class=\"wp-block-embed is-type-video is-provider-youtube wp-block-embed-youtube wp-embed-aspect-16-9 wp-has-aspect-ratio\"><div class=\"wp-block-embed__wrapper\">\n<span class=\"embed-youtube\" style=\"text-align:center; display: block;\"><iframe loading=\"lazy\" class=\"youtube-player\" width=\"640\" height=\"360\" src=\"https:\/\/www.youtube.com\/embed\/4cbR52l1YBM?version=3&#038;rel=1&#038;showsearch=0&#038;showinfo=1&#038;iv_load_policy=1&#038;fs=1&#038;hl=es-ES&#038;autohide=2&#038;wmode=transparent\" allowfullscreen=\"true\" style=\"border:0;\" sandbox=\"allow-scripts allow-same-origin allow-popups allow-presentation allow-popups-to-escape-sandbox\"><\/iframe><\/span>\n<\/div><\/figure>\n\n\n\n<p class=\"wp-block-paragraph\">Y en <strong><em>Wanderratte <\/em><\/strong>sorprendi\u00f3 gratamente.<\/p>\n\n\n\n<figure class=\"wp-block-embed is-type-video is-provider-youtube wp-block-embed-youtube wp-embed-aspect-16-9 wp-has-aspect-ratio\"><div class=\"wp-block-embed__wrapper\">\n<span class=\"embed-youtube\" style=\"text-align:center; display: block;\"><iframe loading=\"lazy\" class=\"youtube-player\" width=\"640\" height=\"360\" src=\"https:\/\/www.youtube.com\/embed\/3cnAm1HKvqk?version=3&#038;rel=1&#038;showsearch=0&#038;showinfo=1&#038;iv_load_policy=1&#038;fs=1&#038;hl=es-ES&#038;autohide=2&#038;wmode=transparent\" allowfullscreen=\"true\" style=\"border:0;\" sandbox=\"allow-scripts allow-same-origin allow-popups allow-presentation allow-popups-to-escape-sandbox\"><\/iframe><\/span>\n<\/div><\/figure>\n\n\n\n<p class=\"wp-block-paragraph\">Y en <strong><em>Planet Mars<\/em><\/strong>, la vimos y o\u00edmos con un registro cercano a la m\u00edtica <strong><em>Nina Hagen<\/em><\/strong>.<\/p>\n\n\n\n<figure class=\"wp-block-embed is-type-video is-provider-youtube wp-block-embed-youtube wp-embed-aspect-16-9 wp-has-aspect-ratio\"><div class=\"wp-block-embed__wrapper\">\n<span class=\"embed-youtube\" style=\"text-align:center; display: block;\"><iframe loading=\"lazy\" class=\"youtube-player\" width=\"640\" height=\"360\" src=\"https:\/\/www.youtube.com\/embed\/ymNPA1etcw4?version=3&#038;rel=1&#038;showsearch=0&#038;showinfo=1&#038;iv_load_policy=1&#038;fs=1&#038;hl=es-ES&#038;autohide=2&#038;wmode=transparent\" allowfullscreen=\"true\" style=\"border:0;\" sandbox=\"allow-scripts allow-same-origin allow-popups allow-presentation allow-popups-to-escape-sandbox\"><\/iframe><\/span>\n<\/div><\/figure>\n\n\n\n<p class=\"wp-block-paragraph\">Por aqu\u00ed te dejamos el perfil de la artista en spotify, por si quieres investigar m\u00e1s.<\/p>\n\n\n\n<figure class=\"wp-block-embed is-type-rich is-provider-spotify wp-block-embed-spotify wp-embed-aspect-21-9 wp-has-aspect-ratio\"><div class=\"wp-block-embed__wrapper\">\n<div class=\"embed-spotify\"><iframe title=\"Spotify Embed: Sofia Portanet\" style=\"border-radius: 12px\" width=\"100%\" height=\"352\" frameborder=\"0\" allowfullscreen allow=\"autoplay; clipboard-write; encrypted-media; fullscreen; picture-in-picture\" loading=\"lazy\" src=\"https:\/\/open.spotify.com\/embed\/artist\/6QtH2p5QkuzncnyK1Uu2EZ?si=s6y9CgPVQ2uDG8L_Q7zv5g&#038;utm_source=oembed\"><\/iframe><\/div>\n<\/div><\/figure>\n","protected":false},"excerpt":{"rendered":"<p>Sofia Portanet, de madres alemanas y espa\u00f1ola, cantante l\u00edrica, hace canciones pop que van de lo g\u00f3tico al new wawe. La BBC ha denominado como \u00abla pr\u00f3xima estrella pop internacional alemana\u00bb<\/p>\n","protected":false},"author":37710108,"featured_media":433,"comment_status":"open","ping_status":"open","sticky":false,"template":"","format":"standard","meta":{"_coblocks_attr":"","_coblocks_dimensions":"","_coblocks_responsive_height":"","_coblocks_accordion_ie_support":"","advanced_seo_description":"","jetpack_seo_html_title":"","jetpack_seo_noindex":false,"jetpack_seo_schema_type":"","_jetpack_newsletter_access":"","_jetpack_dont_email_post_to_subs":false,"_jetpack_newsletter_tier_id":0,"_jetpack_memberships_contains_paywalled_content":false,"_wpcom_ai_launchpad_first_post":false,"_jetpack_feature_clip_id":0,"_jetpack_memberships_contains_paid_content":false,"footnotes":"","jetpack_publicize_message":"","jetpack_publicize_feature_enabled":true,"jetpack_social_post_already_shared":false,"jetpack_social_options":{"image_generator_settings":{"template":"highway","default_image_id":0,"font":"","enabled":false},"version":2},"jetpack_post_was_ever_published":false},"categories":[6602830,3991],"tags":[233600,791442938,191427,791442928,78442216],"class_list":["post-413","post","type-post","status-publish","format-standard","has-post-thumbnail","hentry","category-new-wawe","category-pop","tag-mi-amor","tag-new-wawe","tag-nina-hagen","tag-pop","tag-sofia-portanet"],"jetpack_publicize_connections":[],"jetpack_likes_enabled":true,"jetpack_sharing_enabled":true,"jetpack_shortlink":"https:\/\/wp.me\/p2AqRC-6F","jetpack_featured_media_url":"https:\/\/i0.wp.com\/2solesmusica.com\/wp-content\/uploads\/2022\/09\/sofiaportanet.jpg?fit=1280%2C720&ssl=1","_links":{"self":[{"href":"https:\/\/2solesmusica.com\/index.php?rest_route=\/wp\/v2\/posts\/413","targetHints":{"allow":["GET"]}}],"collection":[{"href":"https:\/\/2solesmusica.com\/index.php?rest_route=\/wp\/v2\/posts"}],"about":[{"href":"https:\/\/2solesmusica.com\/index.php?rest_route=\/wp\/v2\/types\/post"}],"author":[{"embeddable":true,"href":"https:\/\/2solesmusica.com\/index.php?rest_route=\/wp\/v2\/users\/37710108"}],"replies":[{"embeddable":true,"href":"https:\/\/2solesmusica.com\/index.php?rest_route=%2Fwp%2Fv2%2Fcomments&post=413"}],"version-history":[{"count":9,"href":"https:\/\/2solesmusica.com\/index.php?rest_route=\/wp\/v2\/posts\/413\/revisions"}],"predecessor-version":[{"id":439,"href":"https:\/\/2solesmusica.com\/index.php?rest_route=\/wp\/v2\/posts\/413\/revisions\/439"}],"wp:featuredmedia":[{"embeddable":true,"href":"https:\/\/2solesmusica.com\/index.php?rest_route=\/wp\/v2\/media\/433"}],"wp:attachment":[{"href":"https:\/\/2solesmusica.com\/index.php?rest_route=%2Fwp%2Fv2%2Fmedia&parent=413"}],"wp:term":[{"taxonomy":"category","embeddable":true,"href":"https:\/\/2solesmusica.com\/index.php?rest_route=%2Fwp%2Fv2%2Fcategories&post=413"},{"taxonomy":"post_tag","embeddable":true,"href":"https:\/\/2solesmusica.com\/index.php?rest_route=%2Fwp%2Fv2%2Ftags&post=413"}],"curies":[{"name":"wp","href":"https:\/\/api.w.org\/{rel}","templated":true}]}}