{"id":72,"date":"2022-07-01T08:44:40","date_gmt":"2022-07-01T06:44:40","guid":{"rendered":"https:\/\/2solesmusica.com\/?p=72"},"modified":"2022-07-01T08:44:40","modified_gmt":"2022-07-01T06:44:40","slug":"2soles-music-festival","status":"publish","type":"post","link":"https:\/\/2solesmusica.com\/?p=72","title":{"rendered":"2soles&#8217; music festival 2022. Escenario principal."},"content":{"rendered":"\n<p class=\"wp-block-paragraph\">Ha llegado el d\u00eda, y como pistoletazo de salida de tus vacaciones, te abrimos las puertas del 2soles&#8217; music festival, un espacio virtual, para no parar de divertirte. El festival que nunca olvidar\u00edas con la m\u00fasica que te impresionar\u00e1 de verdad.<\/p>\n\n\n\n<p class=\"wp-block-paragraph\">Hoy repasamos el escenario principal, lleno de grupos de pospunk, pop, dark pop y alg\u00fan otro inclasificable. Es normal, el 2soles&#8217; music festival es el lugar m\u00e1s diferente que puedas imaginar. Est\u00e1 lleno de color, de extravagancia, de risas, de diversi\u00f3n y sobre todo de m\u00fasica genial. No vamos a repasarlos todos porque ser\u00eda eterno pero al final de este art\u00edculo tienes la playlist con las 45 canciones de nuestro festival, imagina eso en un gran cartel en un macrofestival con estos 45 artistas. <\/p>\n\n\n\n<p class=\"wp-block-paragraph\">Antes de seguir, el agradecimiento a <em><strong>Lumiere Noire Musique<\/strong><\/em> por hospedarnos durante estos dos \u00faltimos a\u00f1os sin poner condiciones, a nuestro libre albedr\u00edo, yo creo que hemos vuelto locos a los lectores, porque les hemos llevado punk, heavy metal, nuevas m\u00fasicas, proyectos inconcebibles, arte, cultura, libros, lgtbiq+ y en esencia eso que somos, 2soles, un universo diverso. Gracias, esperamos verte por aqu\u00ed con alguna colaboraci\u00f3n.<\/p>\n\n\n\n<p class=\"wp-block-paragraph\">Y sin m\u00e1s, entra, abre la puerta del 2soles&#8217; music festival 2022.<\/p>\n\n\n\n<p class=\"wp-block-paragraph\">La open party es con el d\u00fao franc\u00e9s <strong><em>Kap Bambino,<\/em><\/strong> desde Burdeos y hacen un electro muy enfocado hacia el <strong><em>shythpunk<\/em><\/strong>. Han estado en las cabeceras de cartel de muchos festivales electro reconocidos por toda Europa. Se formaron en 2001 y les ha dado tiempo a tener una discograf\u00eda de 4 LP&#8217;s, el \u00faltimo de 2019.  Con ellos comenzamos nuestro festival.<\/p>\n\n\n\n<figure class=\"wp-block-embed is-type-video is-provider-youtube wp-block-embed-youtube wp-embed-aspect-16-9 wp-has-aspect-ratio\"><div class=\"wp-block-embed__wrapper\">\n<span class=\"embed-youtube\" style=\"text-align:center; display: block;\"><iframe loading=\"lazy\" class=\"youtube-player\" width=\"640\" height=\"360\" src=\"https:\/\/www.youtube.com\/embed\/mbc9uj-Ml8w?version=3&#038;rel=1&#038;showsearch=0&#038;showinfo=1&#038;iv_load_policy=1&#038;fs=1&#038;hl=es-ES&#038;autohide=2&#038;wmode=transparent\" allowfullscreen=\"true\" style=\"border:0;\" sandbox=\"allow-scripts allow-same-origin allow-popups allow-presentation allow-popups-to-escape-sandbox\"><\/iframe><\/span>\n<\/div><\/figure>\n\n\n\n<p class=\"wp-block-paragraph\">Y seguimos con un cabez\u00f3n de cartel, los italianos<strong><em> This Eternal Decay<\/em><\/strong> que siguen en la gira de presentaci\u00f3n de su LP <em><strong>nocturnae<\/strong><\/em>. Es urgente que se le de el valor a estos grupos emergentes que no acaban de llegar a la superficie. El producto es lo suficientemente interesante para ser un referente y esperamos que lo sea pronto.<\/p>\n\n\n\n<figure class=\"wp-block-embed is-type-video is-provider-youtube wp-block-embed-youtube wp-embed-aspect-16-9 wp-has-aspect-ratio\"><div class=\"wp-block-embed__wrapper\">\n<span class=\"embed-youtube\" style=\"text-align:center; display: block;\"><iframe loading=\"lazy\" class=\"youtube-player\" width=\"640\" height=\"360\" src=\"https:\/\/www.youtube.com\/embed\/rF_3dS_kXds?version=3&#038;rel=1&#038;showsearch=0&#038;showinfo=1&#038;iv_load_policy=1&#038;fs=1&#038;hl=es-ES&#038;autohide=2&#038;wmode=transparent\" allowfullscreen=\"true\" style=\"border:0;\" sandbox=\"allow-scripts allow-same-origin allow-popups allow-presentation allow-popups-to-escape-sandbox\"><\/iframe><\/span>\n<\/div><\/figure>\n\n\n\n<p class=\"wp-block-paragraph\"><strong><em>Get Well Soon<\/em><\/strong> son de esos productos elegantes que podr\u00edas pensar que son brit\u00e1nicos, pero no, los alemanes crearon su grupo en 2005, despu\u00e9s de trabajar dos a\u00f1os en su \u00e1lbum de debut que vio la luz en 2008. Este 2022 han vuelto con un discazo impresionante titulado <strong><em>AMEN<\/em><\/strong>, y de ah\u00ed viene <strong><em>One for your workout<\/em><\/strong>. Ah&#8230; y el resto del disco&#8230; est\u00e1 claro, es uno de los 25 del a\u00f1o.<\/p>\n\n\n\n<figure class=\"wp-block-embed is-type-video is-provider-youtube wp-block-embed-youtube wp-embed-aspect-16-9 wp-has-aspect-ratio\"><div class=\"wp-block-embed__wrapper\">\n<span class=\"embed-youtube\" style=\"text-align:center; display: block;\"><iframe loading=\"lazy\" class=\"youtube-player\" width=\"640\" height=\"360\" src=\"https:\/\/www.youtube.com\/embed\/EyNuDR-7dgU?version=3&#038;rel=1&#038;showsearch=0&#038;showinfo=1&#038;iv_load_policy=1&#038;fs=1&#038;hl=es-ES&#038;autohide=2&#038;wmode=transparent\" allowfullscreen=\"true\" style=\"border:0;\" sandbox=\"allow-scripts allow-same-origin allow-popups allow-presentation allow-popups-to-escape-sandbox\"><\/iframe><\/span>\n<\/div><\/figure>\n\n\n\n<p class=\"wp-block-paragraph\"><strong><em>Eli Brown<\/em><\/strong> es un productor y Dj brit\u00e1nico que hace EDM. <strong><em>Send Help<\/em><\/strong> fue un single de 2021 que en la cara B ten\u00eda su anterior sencillo Be your Dog, y como todo lo que hace \u00faltimamente, esto ha saldo a las listas de baile alternativas. Los clubs de Europa, ajenos a este fiebre reguetonera que vivimos por estas latitudes se maravilla con estas cosas del electro llevada al punk, aquel electropunk de los 90&#8217;s de grupos espa\u00f1oles como <strong><em>Putilatex<\/em><\/strong>.<\/p>\n\n\n\n<figure class=\"wp-block-embed is-type-video is-provider-youtube wp-block-embed-youtube wp-embed-aspect-16-9 wp-has-aspect-ratio\"><div class=\"wp-block-embed__wrapper\">\n<span class=\"embed-youtube\" style=\"text-align:center; display: block;\"><iframe loading=\"lazy\" class=\"youtube-player\" width=\"640\" height=\"360\" src=\"https:\/\/www.youtube.com\/embed\/UC0Ro9v_PaU?version=3&#038;rel=1&#038;showsearch=0&#038;showinfo=1&#038;iv_load_policy=1&#038;fs=1&#038;hl=es-ES&#038;autohide=2&#038;wmode=transparent\" allowfullscreen=\"true\" style=\"border:0;\" sandbox=\"allow-scripts allow-same-origin allow-popups allow-presentation allow-popups-to-escape-sandbox\"><\/iframe><\/span>\n<\/div><\/figure>\n\n\n\n<p class=\"wp-block-paragraph\"><strong><em>Dr\u00e4ger <\/em><\/strong>entran en el terreno de la distop\u00eda juntando el punk de los 70&#8217;s los sintetizadores de los 80&#8217;s, las programaciones electr\u00f3nica de los 90&#8217;s, llevado todo al nuevo shyth-pop de la nueva era que vivimos. Y suenan en directo tal y como los tienes m\u00e1s abajo.<\/p>\n\n\n\n<figure class=\"wp-block-embed is-type-video is-provider-youtube wp-block-embed-youtube wp-embed-aspect-16-9 wp-has-aspect-ratio\"><div class=\"wp-block-embed__wrapper\">\n<span class=\"embed-youtube\" style=\"text-align:center; display: block;\"><iframe loading=\"lazy\" class=\"youtube-player\" width=\"640\" height=\"360\" src=\"https:\/\/www.youtube.com\/embed\/kNglRU22S54?version=3&#038;rel=1&#038;showsearch=0&#038;showinfo=1&#038;iv_load_policy=1&#038;fs=1&#038;hl=es-ES&#038;autohide=2&#038;wmode=transparent\" allowfullscreen=\"true\" style=\"border:0;\" sandbox=\"allow-scripts allow-same-origin allow-popups allow-presentation allow-popups-to-escape-sandbox\"><\/iframe><\/span>\n<\/div><\/figure>\n\n\n\n<p class=\"wp-block-paragraph\"><strong><em>Moderat <\/em><\/strong>ha sorprendido con un nuevo disco este a\u00f1o. Por sorpresa&#8230; est\u00e1bamos m\u00e1s por la vuelta de <strong><em>Aparat<\/em><\/strong>, pero no&#8230; <strong><em>More D4ta<\/em><\/strong> ser\u00e1 otro de esos 25 discos de 2022. Como son unos sosones, han sido los fans los que han hecho video para <em><strong>More Love<\/strong><\/em>.<\/p>\n\n\n\n<figure class=\"wp-block-embed is-type-video is-provider-youtube wp-block-embed-youtube wp-embed-aspect-16-9 wp-has-aspect-ratio\"><div class=\"wp-block-embed__wrapper\">\n<span class=\"embed-youtube\" style=\"text-align:center; display: block;\"><iframe loading=\"lazy\" class=\"youtube-player\" width=\"640\" height=\"360\" src=\"https:\/\/www.youtube.com\/embed\/7cY7DfUAobc?version=3&#038;rel=1&#038;showsearch=0&#038;showinfo=1&#038;iv_load_policy=1&#038;fs=1&#038;hl=es-ES&#038;autohide=2&#038;wmode=transparent\" allowfullscreen=\"true\" style=\"border:0;\" sandbox=\"allow-scripts allow-same-origin allow-popups allow-presentation allow-popups-to-escape-sandbox\"><\/iframe><\/span>\n<\/div><\/figure>\n\n\n\n<p class=\"wp-block-paragraph\"><strong><em>Gene Farris<\/em><\/strong> pone la voz al<strong><em> It&#8217;s time<\/em><\/strong> de <strong><em>Sub Focus<\/em><\/strong> como si fueran los <strong><em>Chemical Brothers<\/em><\/strong> pero sin ser ellos nada de eso. \u00bfMejora? Bueno, es pronto&#8230; su nuevo LP se acerca y ser\u00eda el quinto larga duraci\u00f3n. No son unos principiantes, saben muy bien lo que se hacen, y por eso est\u00e1n en nuestro macrofestival.<\/p>\n\n\n\n<figure class=\"wp-block-embed is-type-video is-provider-youtube wp-block-embed-youtube wp-embed-aspect-16-9 wp-has-aspect-ratio\"><div class=\"wp-block-embed__wrapper\">\n<span class=\"embed-youtube\" style=\"text-align:center; display: block;\"><iframe loading=\"lazy\" class=\"youtube-player\" width=\"640\" height=\"360\" src=\"https:\/\/www.youtube.com\/embed\/WLVzxFGEE0g?version=3&#038;rel=1&#038;showsearch=0&#038;showinfo=1&#038;iv_load_policy=1&#038;fs=1&#038;hl=es-ES&#038;autohide=2&#038;wmode=transparent\" allowfullscreen=\"true\" style=\"border:0;\" sandbox=\"allow-scripts allow-same-origin allow-popups allow-presentation allow-popups-to-escape-sandbox\"><\/iframe><\/span>\n<\/div><\/figure>\n\n\n\n<p class=\"wp-block-paragraph\"><strong><em>Jonatan Bree<\/em><\/strong>&#8230; nuestro Jona&#8230; que se viene de gira por Europa, y no tocar\u00e1 Espa\u00f1a porque los promotores, siempre lo digo, est\u00e1n en otros planetas, ni el festival m\u00e1s alternativo se ha acordado de este se\u00f1or, que tiene un directo bastante bueno. Para celebrar su gira ha sacado single nuevo, <strong><em>you are the man<\/em><\/strong>.<\/p>\n\n\n\n<figure class=\"wp-block-embed is-type-video is-provider-youtube wp-block-embed-youtube wp-embed-aspect-16-9 wp-has-aspect-ratio\"><div class=\"wp-block-embed__wrapper\">\n<span class=\"embed-youtube\" style=\"text-align:center; display: block;\"><iframe loading=\"lazy\" class=\"youtube-player\" width=\"640\" height=\"360\" src=\"https:\/\/www.youtube.com\/embed\/0URITx3mPuY?version=3&#038;rel=1&#038;showsearch=0&#038;showinfo=1&#038;iv_load_policy=1&#038;fs=1&#038;hl=es-ES&#038;autohide=2&#038;wmode=transparent\" allowfullscreen=\"true\" style=\"border:0;\" sandbox=\"allow-scripts allow-same-origin allow-popups allow-presentation allow-popups-to-escape-sandbox\"><\/iframe><\/span>\n<\/div><\/figure>\n\n\n\n<p class=\"wp-block-paragraph\"><strong><em>Better than electric,<\/em><\/strong> es el nuevo disco de <em><strong>Kid Moxie<\/strong><\/em>, que se ha marcado un video en 4k con un iphone y unos amigos con una discoteca que le han dejado un rato la pared donde se hacen las proyecciones. Luego est\u00e1n los grupos que dicen que para hacer un videoclip necesitan un presupuesto de cuatro cifras como m\u00ednimo y veinte personas currando. Mamaos el biber\u00f3n que sale al final, que es lo que os hace falta.<\/p>\n\n\n\n<figure class=\"wp-block-embed is-type-video is-provider-youtube wp-block-embed-youtube wp-embed-aspect-16-9 wp-has-aspect-ratio\"><div class=\"wp-block-embed__wrapper\">\n<span class=\"embed-youtube\" style=\"text-align:center; display: block;\"><iframe loading=\"lazy\" class=\"youtube-player\" width=\"640\" height=\"360\" src=\"https:\/\/www.youtube.com\/embed\/Oo655KbTg1A?version=3&#038;rel=1&#038;showsearch=0&#038;showinfo=1&#038;iv_load_policy=1&#038;fs=1&#038;hl=es-ES&#038;autohide=2&#038;wmode=transparent\" allowfullscreen=\"true\" style=\"border:0;\" sandbox=\"allow-scripts allow-same-origin allow-popups allow-presentation allow-popups-to-escape-sandbox\"><\/iframe><\/span>\n<\/div><\/figure>\n\n\n\n<p class=\"wp-block-paragraph\"><strong><em>Priest<\/em><\/strong>, creado a partir miembros de la banda de metal <strong><em>Ghost <\/em><\/strong>homenajea a todos aquellos grupos que conocieron el techo a finales de los 70&#8217;s con <strong><em>Kraftwerk <\/em><\/strong>y todo lo que vino despu\u00e9s. <em><strong>Tecno Girl<\/strong><\/em> es otro single adelanto del segundo LP de Priest, que ver\u00e1 la luz seguramente antes de fin de a\u00f1o. Sigue la misma estrategia que con Ghost no dejan ver su cara, van con m\u00e1scaras y todo hace pensar que en realidad son los mismos productores que tienen varias l\u00edneas de negocio paralelas&#8230; o para tontas&#8230; pero a m\u00ed me engancha \u00a1tia!<\/p>\n\n\n\n<figure class=\"wp-block-embed is-type-video is-provider-youtube wp-block-embed-youtube wp-embed-aspect-16-9 wp-has-aspect-ratio\"><div class=\"wp-block-embed__wrapper\">\n<span class=\"embed-youtube\" style=\"text-align:center; display: block;\"><iframe loading=\"lazy\" class=\"youtube-player\" width=\"640\" height=\"360\" src=\"https:\/\/www.youtube.com\/embed\/8TGn1Vim_58?version=3&#038;rel=1&#038;showsearch=0&#038;showinfo=1&#038;iv_load_policy=1&#038;fs=1&#038;hl=es-ES&#038;autohide=2&#038;wmode=transparent\" allowfullscreen=\"true\" style=\"border:0;\" sandbox=\"allow-scripts allow-same-origin allow-popups allow-presentation allow-popups-to-escape-sandbox\"><\/iframe><\/span>\n<\/div><\/figure>\n\n\n\n<p class=\"wp-block-paragraph\"><strong><em>Clementine Douglas<\/em><\/strong>, <em><strong>Sigma <\/strong><\/em>y <em><strong>Crvvcks <\/strong><\/em>(efectivamente no tiene vocales a ver qui\u00e9n tiene huevos de pronunciar el nombre del grupo), hacen este EDM espectacular para poner a tope cualquier pista de baile de prestigio. Esto va a sonar mucho en los clubs selectos, como fue el <em>Lumiere Noire The Club,<\/em> y como es 2solesmusica.<\/p>\n\n\n\n<figure class=\"wp-block-embed is-type-video is-provider-youtube wp-block-embed-youtube wp-embed-aspect-16-9 wp-has-aspect-ratio\"><div class=\"wp-block-embed__wrapper\">\n<span class=\"embed-youtube\" style=\"text-align:center; display: block;\"><iframe loading=\"lazy\" class=\"youtube-player\" width=\"640\" height=\"360\" src=\"https:\/\/www.youtube.com\/embed\/vNq0tM1HQFU?version=3&#038;rel=1&#038;showsearch=0&#038;showinfo=1&#038;iv_load_policy=1&#038;fs=1&#038;hl=es-ES&#038;autohide=2&#038;wmode=transparent\" allowfullscreen=\"true\" style=\"border:0;\" sandbox=\"allow-scripts allow-same-origin allow-popups allow-presentation allow-popups-to-escape-sandbox\"><\/iframe><\/span>\n<\/div><\/figure>\n\n\n\n<p class=\"wp-block-paragraph\"><strong><em>AVRO <\/em><\/strong>acaba de sacar su disco <strong><em>FutureTroActivism<\/em><\/strong>, y en esa l\u00ednea de aparente corte ecolog\u00edsta meten este temazo de shyth.pop y se convierte en uno de esos grupos referente del new wawe que llena Europa de nuevo&#8230; \u00a1tia! Por cierto, que hay una versi\u00f3n de este tema de <em><strong>Moebius <\/strong><\/em>que para una dance party&#8230; ojito.<\/p>\n\n\n\n<figure class=\"wp-block-embed is-type-video is-provider-youtube wp-block-embed-youtube wp-embed-aspect-16-9 wp-has-aspect-ratio\"><div class=\"wp-block-embed__wrapper\">\n<span class=\"embed-youtube\" style=\"text-align:center; display: block;\"><iframe loading=\"lazy\" class=\"youtube-player\" width=\"640\" height=\"360\" src=\"https:\/\/www.youtube.com\/embed\/RG4R24il6Ps?version=3&#038;rel=1&#038;showsearch=0&#038;showinfo=1&#038;iv_load_policy=1&#038;fs=1&#038;hl=es-ES&#038;autohide=2&#038;wmode=transparent\" allowfullscreen=\"true\" style=\"border:0;\" sandbox=\"allow-scripts allow-same-origin allow-popups allow-presentation allow-popups-to-escape-sandbox\"><\/iframe><\/span>\n<\/div><\/figure>\n\n\n\n<p class=\"wp-block-paragraph\">Nuestro gran cierre sin duda ser\u00eda con los Yeah Yeah Yeah y este sutil escupitajo al final de los tiempos junto a Perfume Genius.<\/p>\n\n\n\n<figure class=\"wp-block-embed is-type-video is-provider-youtube wp-block-embed-youtube wp-embed-aspect-16-9 wp-has-aspect-ratio\"><div class=\"wp-block-embed__wrapper\">\n<span class=\"embed-youtube\" style=\"text-align:center; display: block;\"><iframe loading=\"lazy\" class=\"youtube-player\" width=\"640\" height=\"360\" src=\"https:\/\/www.youtube.com\/embed\/ckM_TklU_AQ?version=3&#038;rel=1&#038;showsearch=0&#038;showinfo=1&#038;iv_load_policy=1&#038;fs=1&#038;hl=es-ES&#038;autohide=2&#038;wmode=transparent\" allowfullscreen=\"true\" style=\"border:0;\" sandbox=\"allow-scripts allow-same-origin allow-popups allow-presentation allow-popups-to-escape-sandbox\"><\/iframe><\/span>\n<\/div><\/figure>\n\n\n\n<p class=\"wp-block-paragraph\">Y aqu\u00ed llevas toda la play-list, no he destacado las mejores canciones en este top, sino las m\u00e1s diferentes y que puedan pasar m\u00e1s desapercibidas. Si te gusta a\u00f1ade la play a tus favoritos y comparte.<\/p>\n\n\n\n<figure class=\"wp-block-embed is-type-rich is-provider-spotify wp-block-embed-spotify wp-embed-aspect-21-9 wp-has-aspect-ratio\"><div class=\"wp-block-embed__wrapper\">\n<div class=\"embed-spotify\"><iframe title=\"Spotify Embed: 2SOLES&amp;apos; MUSIC FESTIVAL 2022 ESCENARIO PRINCIPAL\" style=\"border-radius: 12px\" width=\"100%\" height=\"352\" frameborder=\"0\" allowfullscreen allow=\"autoplay; clipboard-write; encrypted-media; fullscreen; picture-in-picture\" loading=\"lazy\" src=\"https:\/\/open.spotify.com\/embed\/playlist\/0vl7oqZkS5XC9m6ifcyW6R?si=04f036b78e3e43b4&#038;utm_source=oembed\"><\/iframe><\/div>\n<\/div><\/figure>\n\n\n\n<p class=\"wp-block-paragraph\">2soles&#8217; music festival podr\u00eda ser una realidad con un promotor con los pies en la tierra.<\/p>\n","protected":false},"excerpt":{"rendered":"<p>Ha llegado el d\u00eda, y como pistoletazo de salida de tus vacaciones, te abrimos las puertas del 2soles&#8217; music festival, un espacio virtual, para no parar de divertirte.<\/p>\n","protected":false},"author":37710108,"featured_media":91,"comment_status":"open","ping_status":"open","sticky":false,"template":"","format":"standard","meta":{"_coblocks_attr":"","_coblocks_dimensions":"","_coblocks_responsive_height":"","_coblocks_accordion_ie_support":"","advanced_seo_description":"","jetpack_seo_html_title":"","jetpack_seo_noindex":false,"jetpack_seo_schema_type":"","_jetpack_newsletter_access":"","_jetpack_dont_email_post_to_subs":false,"_jetpack_newsletter_tier_id":0,"_jetpack_memberships_contains_paywalled_content":false,"_wpcom_ai_launchpad_first_post":false,"_jetpack_feature_clip_id":0,"_jetpack_memberships_contains_paid_content":false,"footnotes":"","jetpack_publicize_message":"","jetpack_publicize_feature_enabled":true,"jetpack_social_post_already_shared":false,"jetpack_social_options":{"image_generator_settings":{"template":"highway","default_image_id":0,"font":"","enabled":false},"version":2},"jetpack_post_was_ever_published":false},"categories":[22764,27726,774,3991,227546889],"tags":[],"class_list":["post-72","post","type-post","status-publish","format-standard","has-post-thumbnail","hentry","category-electronic","category-festivales","category-musica","category-pop","category-pospunk"],"jetpack_publicize_connections":[],"jetpack_likes_enabled":true,"jetpack_sharing_enabled":true,"jetpack_shortlink":"https:\/\/wp.me\/p2AqRC-1a","jetpack_featured_media_url":"https:\/\/i0.wp.com\/2solesmusica.com\/wp-content\/uploads\/2022\/07\/festival.jpg?fit=1280%2C720&ssl=1","_links":{"self":[{"href":"https:\/\/2solesmusica.com\/index.php?rest_route=\/wp\/v2\/posts\/72","targetHints":{"allow":["GET"]}}],"collection":[{"href":"https:\/\/2solesmusica.com\/index.php?rest_route=\/wp\/v2\/posts"}],"about":[{"href":"https:\/\/2solesmusica.com\/index.php?rest_route=\/wp\/v2\/types\/post"}],"author":[{"embeddable":true,"href":"https:\/\/2solesmusica.com\/index.php?rest_route=\/wp\/v2\/users\/37710108"}],"replies":[{"embeddable":true,"href":"https:\/\/2solesmusica.com\/index.php?rest_route=%2Fwp%2Fv2%2Fcomments&post=72"}],"version-history":[{"count":19,"href":"https:\/\/2solesmusica.com\/index.php?rest_route=\/wp\/v2\/posts\/72\/revisions"}],"predecessor-version":[{"id":92,"href":"https:\/\/2solesmusica.com\/index.php?rest_route=\/wp\/v2\/posts\/72\/revisions\/92"}],"wp:featuredmedia":[{"embeddable":true,"href":"https:\/\/2solesmusica.com\/index.php?rest_route=\/wp\/v2\/media\/91"}],"wp:attachment":[{"href":"https:\/\/2solesmusica.com\/index.php?rest_route=%2Fwp%2Fv2%2Fmedia&parent=72"}],"wp:term":[{"taxonomy":"category","embeddable":true,"href":"https:\/\/2solesmusica.com\/index.php?rest_route=%2Fwp%2Fv2%2Fcategories&post=72"},{"taxonomy":"post_tag","embeddable":true,"href":"https:\/\/2solesmusica.com\/index.php?rest_route=%2Fwp%2Fv2%2Ftags&post=72"}],"curies":[{"name":"wp","href":"https:\/\/api.w.org\/{rel}","templated":true}]}}