{"id":756,"date":"2022-12-13T12:01:00","date_gmt":"2022-12-13T11:01:00","guid":{"rendered":"https:\/\/2solesmusica.com\/?p=756"},"modified":"2022-12-13T01:03:33","modified_gmt":"2022-12-13T00:03:33","slug":"con_pluma","status":"publish","type":"post","link":"https:\/\/2solesmusica.com\/?p=756","title":{"rendered":"CON PLUMA. 20 libros lgtbiq+ para regalar en Navidad."},"content":{"rendered":"\n<p class=\"wp-block-paragraph\">Hoy vamos a entrar en la librer\u00eda, y mover las estanter\u00edas de sitio. La variedad de libros lgtbiq+ a veces est\u00e1 escondida, por aquello de no ser \u00abevidentes\u00bb, como si a d\u00eda de hoy hubiera que esconder libros no sea que una mirada furtiva vea un arcoiris en la portada y se sienta ofendido o contrariado.<\/p>\n\n\n\n<p class=\"wp-block-paragraph\">A d\u00eda de hoy, sigue pasando y es triste que haya que escribir cosas como esta para sacar a la luz autent\u00edcos bestseller que deben estar en la primera l\u00ednea de los lineales de venta de las librer\u00edas y que no est\u00e1n.<\/p>\n\n\n\n<p class=\"wp-block-paragraph\">Ll\u00e1mame loca o si quieres locaza&#8230; pero es as\u00ed.<\/p>\n\n\n\n<h2 class=\"wp-block-heading\" style=\"font-style:normal;font-weight:900;text-transform:none\">Grandes Maricas de la historia y otros libros fondo de armario (<em>imprescindibles<\/em>).<\/h2>\n\n\n\n<div class=\"wp-block-media-text alignwide is-stacked-on-mobile\" style=\"grid-template-columns:30% auto\"><figure class=\"wp-block-media-text__media\"><img data-recalc-dims=\"1\" loading=\"lazy\" decoding=\"async\" width=\"379\" height=\"570\" data-attachment-id=\"762\" data-permalink=\"https:\/\/2solesmusica.com\/?attachment_id=762\" data-orig-file=\"https:\/\/i0.wp.com\/2solesmusica.com\/wp-content\/uploads\/2022\/11\/grandes-maricas-de-la-historia_9788418051623.jpg?fit=379%2C570&amp;ssl=1\" data-orig-size=\"379,570\" data-comments-opened=\"1\" data-image-meta=\"{&quot;aperture&quot;:&quot;0&quot;,&quot;credit&quot;:&quot;&quot;,&quot;camera&quot;:&quot;&quot;,&quot;caption&quot;:&quot;&quot;,&quot;created_timestamp&quot;:&quot;0&quot;,&quot;copyright&quot;:&quot;&quot;,&quot;focal_length&quot;:&quot;0&quot;,&quot;iso&quot;:&quot;0&quot;,&quot;shutter_speed&quot;:&quot;0&quot;,&quot;title&quot;:&quot;&quot;,&quot;orientation&quot;:&quot;0&quot;}\" data-image-title=\"grandes-maricas-de-la-historia_9788418051623\" data-image-description=\"\" data-image-caption=\"\" data-large-file=\"https:\/\/i0.wp.com\/2solesmusica.com\/wp-content\/uploads\/2022\/11\/grandes-maricas-de-la-historia_9788418051623.jpg?fit=379%2C570&amp;ssl=1\" src=\"https:\/\/i0.wp.com\/2solesmusica.com\/wp-content\/uploads\/2022\/11\/grandes-maricas-de-la-historia_9788418051623.jpg?resize=379%2C570&#038;ssl=1\" alt=\"\" class=\"wp-image-762 size-medium\" \/><\/figure><div class=\"wp-block-media-text__content\">\n<p class=\"wp-block-paragraph\">Los que hemos seguido a @Otto_Mas en redes desde que el mundo blog ten\u00eda seguidores y hacer \u00ab<em>blogas\u00bb <\/em>era una moda ya conoc\u00edamos la existencia de estos textos que ahora sabiamente <em>Plan B <\/em>ha decidido recoger en este libro.<\/p>\n\n\n\n<p class=\"wp-block-paragraph\">La verdad es que empezamos a seguir a <strong><em>Otto <\/em><\/strong>por aquello de ser el prototipo de hombre lozano, deportista, de buen ver, carne de gimnasio, y por el contenido siempre diferente de su blog, que luego abandon\u00f3 como hicimos todos los que escrib\u00edamos en blogs, cuando las nuevas redes sociales y la nueva forma de comunicarse hizo protagonista a la inmediatez que aportaba twitter o instagram.<\/p>\n<\/div><\/div>\n\n\n\n<p class=\"wp-block-paragraph\">Descubrimos algo de Otto al seguirlo durante tantos a\u00f1os a parte de su belleza y masculinidad: su cerebro y su compromiso con el colectivo lgtbiq+.<\/p>\n\n\n\n<p class=\"wp-block-paragraph\">Los grandes maricas de la historia se convirtieron en hilo de twitter y luego en podcast para spotify hasta que al final han quedado inmortalizados en esta primera entrega en formato papel.<\/p>\n\n\n\n<p class=\"has-text-align-center has-cyan-bluish-gray-background-color has-background has-link-color has-large-font-size wp-elements-1 wp-block-paragraph\"><strong><a href=\"https:\/\/amzn.to\/3iXdf6S\">COMPRAR<\/a><\/strong><\/p>\n\n\n\n<p class=\"has-text-align-center has-tiny-font-size wp-block-paragraph\"><em>SANJU\u00c1N, \u00c1lvaro J. (2022) Grandes Maricas de la Historia. Plan B. Madrid<\/em><\/p>\n\n\n\n<p class=\"wp-block-paragraph\">Y decimos primera entrega porque estamos seguros de que habr\u00e1 un \u00ab<strong><em>grandes maricas de la historial Vol. <\/em><\/strong><em><strong>2<\/strong><\/em>\u00bb y un \u00ab<em><strong>grandes bolleras de la historia<\/strong><\/em>\u00ab.<\/p>\n\n\n\n<p class=\"wp-block-paragraph\">Los grandes maricas de la historia responde a esa necesidad de encontrar referentes en la cultura. Los maricas hemos existido siempre y muchos de ellos han tenido que hacer esfuerzo para ocultar su sexualidad por miedo a represalias al ser descubiertos.<\/p>\n\n\n\n<p class=\"wp-block-paragraph\">\u00c1lvaro J. SanJu\u00e1n, te va a descubrir muchas cosas en este libro y a romperte unos cuantos mitos.<\/p>\n\n\n\n<div class=\"wp-block-media-text alignwide is-stacked-on-mobile\" style=\"grid-template-columns:30% auto\"><figure class=\"wp-block-media-text__media\"><img data-recalc-dims=\"1\" loading=\"lazy\" decoding=\"async\" width=\"552\" height=\"840\" data-attachment-id=\"772\" data-permalink=\"https:\/\/2solesmusica.com\/?attachment_id=772\" data-orig-file=\"https:\/\/i0.wp.com\/2solesmusica.com\/wp-content\/uploads\/2022\/11\/senoras_que_se_empotraron_hace_mucho.jpg?fit=552%2C840&amp;ssl=1\" data-orig-size=\"552,840\" data-comments-opened=\"1\" data-image-meta=\"{&quot;aperture&quot;:&quot;0&quot;,&quot;credit&quot;:&quot;&quot;,&quot;camera&quot;:&quot;&quot;,&quot;caption&quot;:&quot;&quot;,&quot;created_timestamp&quot;:&quot;0&quot;,&quot;copyright&quot;:&quot;&quot;,&quot;focal_length&quot;:&quot;0&quot;,&quot;iso&quot;:&quot;0&quot;,&quot;shutter_speed&quot;:&quot;0&quot;,&quot;title&quot;:&quot;&quot;,&quot;orientation&quot;:&quot;0&quot;}\" data-image-title=\"senoras_que_se_empotraron_hace_mucho\" data-image-description=\"\" data-image-caption=\"\" data-large-file=\"https:\/\/i0.wp.com\/2solesmusica.com\/wp-content\/uploads\/2022\/11\/senoras_que_se_empotraron_hace_mucho.jpg?fit=552%2C840&amp;ssl=1\" src=\"https:\/\/i0.wp.com\/2solesmusica.com\/wp-content\/uploads\/2022\/11\/senoras_que_se_empotraron_hace_mucho.jpg?resize=552%2C840&#038;ssl=1\" alt=\"\" class=\"wp-image-772 size-medium\" \/><\/figure><div class=\"wp-block-media-text__content\">\n<p class=\"wp-block-paragraph\"><strong>Cristina Domenech<\/strong> te trae en <strong><em>se\u00f1oras que se empotraron hace mucho<\/em><\/strong>, a esas se\u00f1oras con \u00abdebilidad l\u00e9sbica\u00bb de las que se tiene conocimiento o que descubrimos en estas l\u00edneas. <\/p>\n\n\n\n<p class=\"wp-block-paragraph\">Se\u00f1oras que se empoderaron para que de esta forma ahora podamos tener referentes de mujeres lesbianas que a lo largo de la historia han hecho su propia revoluci\u00f3n.&nbsp;Mujeres que se rebelaron contra el matrimonio y rompieron las reglas de etiqueta. Rebeldes, genias, decadentes, artistas&#8230; Se\u00f1oras que, pese a todas las dificultades de su tiempo, se atrevieron a expresar su sexualidad y desafiar a su \u00e9poca.<\/p>\n<\/div><\/div>\n\n\n\n<p class=\"wp-block-paragraph\">Cristina Domenech es autora de <em>Se\u00f1oras Ilustres<\/em>, el libro original que ha dado lugar a dos nuevos libros. El que te describimos aqu\u00ed, y la segunda parte titulada <em><strong>M\u00e1s Se\u00f1oras que se Empotraron Hace Mucho<\/strong><\/em>.<\/p>\n\n\n\n<p class=\"has-text-align-center has-primary-color has-cyan-bluish-gray-background-color has-text-color has-background wp-block-paragraph\"><strong><a href=\"https:\/\/amzn.to\/3HwbJD4\">COMPRAR AQU\u00cd<\/a><\/strong><\/p>\n\n\n\n<div class=\"wp-block-media-text alignwide is-stacked-on-mobile\" style=\"grid-template-columns:30% auto\"><figure class=\"wp-block-media-text__media\"><img data-recalc-dims=\"1\" loading=\"lazy\" decoding=\"async\" width=\"552\" height=\"801\" data-attachment-id=\"804\" data-permalink=\"https:\/\/2solesmusica.com\/?attachment_id=804\" data-orig-file=\"https:\/\/i0.wp.com\/2solesmusica.com\/wp-content\/uploads\/2022\/12\/safo.jpg?fit=552%2C801&amp;ssl=1\" data-orig-size=\"552,801\" data-comments-opened=\"1\" data-image-meta=\"{&quot;aperture&quot;:&quot;0&quot;,&quot;credit&quot;:&quot;&quot;,&quot;camera&quot;:&quot;&quot;,&quot;caption&quot;:&quot;&quot;,&quot;created_timestamp&quot;:&quot;0&quot;,&quot;copyright&quot;:&quot;&quot;,&quot;focal_length&quot;:&quot;0&quot;,&quot;iso&quot;:&quot;0&quot;,&quot;shutter_speed&quot;:&quot;0&quot;,&quot;title&quot;:&quot;&quot;,&quot;orientation&quot;:&quot;0&quot;}\" data-image-title=\"safo\" data-image-description=\"\" data-image-caption=\"\" data-large-file=\"https:\/\/i0.wp.com\/2solesmusica.com\/wp-content\/uploads\/2022\/12\/safo.jpg?fit=552%2C801&amp;ssl=1\" src=\"https:\/\/i0.wp.com\/2solesmusica.com\/wp-content\/uploads\/2022\/12\/safo.jpg?resize=552%2C801&#038;ssl=1\" alt=\"\" class=\"wp-image-804 size-full\" \/><\/figure><div class=\"wp-block-media-text__content\">\n<p class=\"wp-block-paragraph\"><strong>Safo de Mitilene<\/strong>, tambi\u00e9n conocida como&nbsp;<strong>Safo de Lesbos<\/strong>&nbsp;o simplemente&nbsp;<strong>Safo<\/strong>, fue una&nbsp;poeta&nbsp;griega&nbsp;de la&nbsp;\u00e9poca arcaica. M\u00e1s tarde los comentaristas griegos la incluyeron en la lista de los \u00abnueve poetas l\u00edricos\u00bb.&nbsp;Plat\u00f3n&nbsp;la catalog\u00f3 como <strong><em>la d\u00e9cima&nbsp;musa<\/em><\/strong>. Su nombre dio origen al t\u00e9rmino&nbsp;safismo, palabra que cubre&nbsp;lesbianas&nbsp;y&nbsp;mujeres&nbsp;bisexuales.\u200b<\/p>\n\n\n\n<p class=\"wp-block-paragraph\">La editorial <strong>Torremozas<\/strong> presenta esta nueva edici\u00f3n biling\u00fce con  una nueva traducci\u00f3n que pretende conservar la textura de la poes\u00eda griega original, y a la vez adaptarla a una visi\u00f3n contempor\u00e1nea. Como complemento, este volumen incluye un estudio de autoras del siglo XIX y sus poemas, en los que la figura de Safo aparece como un referente femenino, todav\u00eda latente.<\/p>\n<\/div><\/div>\n\n\n\n<p class=\"has-text-align-center has-primary-color has-cyan-bluish-gray-background-color has-text-color has-background wp-block-paragraph\"><strong><a href=\"https:\/\/amzn.to\/3VQdHm3\">COMPRAR AQU\u00cd<\/a><\/strong><\/p>\n\n\n\n<div class=\"wp-block-media-text alignwide is-stacked-on-mobile\" style=\"grid-template-columns:30% auto\"><figure class=\"wp-block-media-text__media\"><img data-recalc-dims=\"1\" loading=\"lazy\" decoding=\"async\" width=\"1692\" height=\"2560\" data-attachment-id=\"809\" data-permalink=\"https:\/\/2solesmusica.com\/?attachment_id=809\" data-orig-file=\"https:\/\/i0.wp.com\/2solesmusica.com\/wp-content\/uploads\/2022\/12\/la-belleza-de-las-cicatrices_9788413843995.jpg?fit=1692%2C2560&amp;ssl=1\" data-orig-size=\"1692,2560\" data-comments-opened=\"1\" data-image-meta=\"{&quot;aperture&quot;:&quot;0&quot;,&quot;credit&quot;:&quot;&quot;,&quot;camera&quot;:&quot;&quot;,&quot;caption&quot;:&quot;&quot;,&quot;created_timestamp&quot;:&quot;0&quot;,&quot;copyright&quot;:&quot;&quot;,&quot;focal_length&quot;:&quot;0&quot;,&quot;iso&quot;:&quot;0&quot;,&quot;shutter_speed&quot;:&quot;0&quot;,&quot;title&quot;:&quot;&quot;,&quot;orientation&quot;:&quot;0&quot;}\" data-image-title=\"la-belleza-de-las-cicatrices_9788413843995\" data-image-description=\"\" data-image-caption=\"\" data-large-file=\"https:\/\/i0.wp.com\/2solesmusica.com\/wp-content\/uploads\/2022\/12\/la-belleza-de-las-cicatrices_9788413843995.jpg?fit=677%2C1024&amp;ssl=1\" src=\"https:\/\/i0.wp.com\/2solesmusica.com\/wp-content\/uploads\/2022\/12\/la-belleza-de-las-cicatrices_9788413843995.jpg?resize=1692%2C2560&#038;ssl=1\" alt=\"\" class=\"wp-image-809 size-full\" \/><\/figure><div class=\"wp-block-media-text__content\">\n<p class=\"wp-block-paragraph\">El Kintsugi &nbsp;consiste en restaurar piezas de cer\u00e1mica rotas, pero con una peculiaridad: una vez que se ha hecho la magia de juntar de nuevo todos esos a\u00f1icos, se recubren de oro las grietas, creando as\u00ed un objeto \u00fanico, nuevo e irremplazable.<\/p>\n\n\n\n<p class=\"wp-block-paragraph\">Iv\u00e1n Garrido, el autor, naci\u00f3 siendo seropositivo. En el mismo paritorio dio positivo. Esto no es una novela, sino la descripci\u00f3n de un modelo de vida. Siendo seropositivo, y siendo un ni\u00f1o se\u00f1alado al que gritar\u00edan \u00abmaric\u00f3n\u00bb en la escuela, Iv\u00e1n se construy\u00f3 a s\u00ed mismo, recomponi\u00e9ndose y creando un ser \u00fanico, nuevo e irremplable.<\/p>\n\n\n\n<p class=\"wp-block-paragraph\">Proyecto Kintsugi es un libro encuadrado dentro de la secci\u00f3n \u00abautoayuda\u00bb de las librer\u00edas que nos explica el arte del Kintsugi y c\u00f3mo aplicarlo a nuestra experiencia, para reconstruirnos despu\u00e9s de cada obst\u00e1culo.<\/p>\n<\/div><\/div>\n\n\n\n<p class=\"has-text-align-center has-primary-color has-cyan-bluish-gray-background-color has-text-color has-background wp-block-paragraph\"><strong><a href=\"https:\/\/amzn.to\/3uMRQQy\">COMPRAR AQU\u00cd<\/a><\/strong><\/p>\n\n\n\n<div class=\"wp-block-media-text alignwide is-stacked-on-mobile\" style=\"grid-template-columns:30% auto\"><figure class=\"wp-block-media-text__media\"><img data-recalc-dims=\"1\" loading=\"lazy\" decoding=\"async\" width=\"1104\" height=\"1640\" data-attachment-id=\"813\" data-permalink=\"https:\/\/2solesmusica.com\/?attachment_id=813\" data-orig-file=\"https:\/\/i0.wp.com\/2solesmusica.com\/wp-content\/uploads\/2022\/12\/losinvisibles.jpg?fit=1104%2C1640&amp;ssl=1\" data-orig-size=\"1104,1640\" data-comments-opened=\"1\" data-image-meta=\"{&quot;aperture&quot;:&quot;0&quot;,&quot;credit&quot;:&quot;&quot;,&quot;camera&quot;:&quot;&quot;,&quot;caption&quot;:&quot;&quot;,&quot;created_timestamp&quot;:&quot;0&quot;,&quot;copyright&quot;:&quot;&quot;,&quot;focal_length&quot;:&quot;0&quot;,&quot;iso&quot;:&quot;0&quot;,&quot;shutter_speed&quot;:&quot;0&quot;,&quot;title&quot;:&quot;&quot;,&quot;orientation&quot;:&quot;0&quot;}\" data-image-title=\"losinvisibles\" data-image-description=\"\" data-image-caption=\"\" data-large-file=\"https:\/\/i0.wp.com\/2solesmusica.com\/wp-content\/uploads\/2022\/12\/losinvisibles.jpg?fit=689%2C1024&amp;ssl=1\" src=\"https:\/\/i0.wp.com\/2solesmusica.com\/wp-content\/uploads\/2022\/12\/losinvisibles.jpg?resize=1104%2C1640&#038;ssl=1\" alt=\"\" class=\"wp-image-813 size-full\" \/><\/figure><div class=\"wp-block-media-text__content\">\n<p class=\"wp-block-paragraph\">La editorial granadina Comares publica uno de los pocos estudios hist\u00f3ricos que existen sobre la homosexualidad en Espa\u00f1a. En <strong><em>los invisibles<\/em><\/strong> los autores hacen un riguroso estudio cronol\u00f3gico sobre la idea del ser homosexual en la Espa\u00f1a de final de siglo XIX hasta el inicio de la dictadura.<\/p>\n\n\n\n<p class=\"wp-block-paragraph\">En el libro se hace una descripci\u00f3n pormenorizada del papel que jugaron m\u00e9dicos, psiquiatras, pedagogos, crimin\u00f3logos en la concepci\u00f3n de la homosexualidad como aberraci\u00f3n, crimen o enfermedad mental y las consecuencias que todo eso tuvo durante el periodo de dictadura.<\/p>\n\n\n\n<p class=\"wp-block-paragraph\">Este libro puede complementarse con otro del mismo autor sobre hermafroditismo que hace un estudio hist\u00f3rico de la evoluci\u00f3n de las ideas y l\u00edneas de estudio del hermafroditismo en Europa y los casos que hab\u00eda en Espa\u00f1a. Son las bases en las que en el futuro se construir\u00eda la idea de <strong><em>transexualidad<\/em><\/strong>.<\/p>\n<\/div><\/div>\n\n\n\n<p class=\"has-text-align-center has-primary-color has-cyan-bluish-gray-background-color has-text-color has-background wp-block-paragraph\"><strong><a href=\"https:\/\/amzn.to\/3hlUIRe\">COMPRAR AQU\u00cd.<\/a><\/strong><\/p>\n\n\n\n<div class=\"wp-block-media-text alignwide is-stacked-on-mobile\" style=\"grid-template-columns:30% auto\"><figure class=\"wp-block-media-text__media\"><img data-recalc-dims=\"1\" loading=\"lazy\" decoding=\"async\" width=\"1080\" height=\"1542\" data-attachment-id=\"815\" data-permalink=\"https:\/\/2solesmusica.com\/?attachment_id=815\" data-orig-file=\"https:\/\/i0.wp.com\/2solesmusica.com\/wp-content\/uploads\/2022\/12\/hermafroditas.jpg?fit=1080%2C1542&amp;ssl=1\" data-orig-size=\"1080,1542\" data-comments-opened=\"1\" data-image-meta=\"{&quot;aperture&quot;:&quot;0&quot;,&quot;credit&quot;:&quot;&quot;,&quot;camera&quot;:&quot;&quot;,&quot;caption&quot;:&quot;&quot;,&quot;created_timestamp&quot;:&quot;0&quot;,&quot;copyright&quot;:&quot;&quot;,&quot;focal_length&quot;:&quot;0&quot;,&quot;iso&quot;:&quot;0&quot;,&quot;shutter_speed&quot;:&quot;0&quot;,&quot;title&quot;:&quot;&quot;,&quot;orientation&quot;:&quot;0&quot;}\" data-image-title=\"hermafroditas\" data-image-description=\"\" data-image-caption=\"\" data-large-file=\"https:\/\/i0.wp.com\/2solesmusica.com\/wp-content\/uploads\/2022\/12\/hermafroditas.jpg?fit=717%2C1024&amp;ssl=1\" src=\"https:\/\/i0.wp.com\/2solesmusica.com\/wp-content\/uploads\/2022\/12\/hermafroditas.jpg?resize=1080%2C1542&#038;ssl=1\" alt=\"\" class=\"wp-image-815 size-full\" \/><\/figure><div class=\"wp-block-media-text__content\">\n<p class=\"has-text-align-center has-primary-color has-cyan-bluish-gray-background-color has-text-color has-background wp-block-paragraph\"><strong><a href=\"https:\/\/amzn.to\/3USHNnp\">COMPRAR AQU\u00cd.<\/a><\/strong><\/p>\n<\/div><\/div>\n\n\n\n<h2 class=\"wp-block-heading\"><strong>Libros infantiles y juveniles para dar un referente a las nuevas generaciones.<\/strong><\/h2>\n\n\n\n<div class=\"wp-block-media-text alignwide is-stacked-on-mobile\" style=\"grid-template-columns:30% auto\"><figure class=\"wp-block-media-text__media\"><img data-recalc-dims=\"1\" loading=\"lazy\" decoding=\"async\" width=\"552\" height=\"523\" data-attachment-id=\"819\" data-permalink=\"https:\/\/2solesmusica.com\/?attachment_id=819\" data-orig-file=\"https:\/\/i0.wp.com\/2solesmusica.com\/wp-content\/uploads\/2022\/12\/monstruo-rosa.jpg?fit=552%2C523&amp;ssl=1\" data-orig-size=\"552,523\" data-comments-opened=\"1\" data-image-meta=\"{&quot;aperture&quot;:&quot;0&quot;,&quot;credit&quot;:&quot;&quot;,&quot;camera&quot;:&quot;&quot;,&quot;caption&quot;:&quot;&quot;,&quot;created_timestamp&quot;:&quot;0&quot;,&quot;copyright&quot;:&quot;&quot;,&quot;focal_length&quot;:&quot;0&quot;,&quot;iso&quot;:&quot;0&quot;,&quot;shutter_speed&quot;:&quot;0&quot;,&quot;title&quot;:&quot;&quot;,&quot;orientation&quot;:&quot;0&quot;}\" data-image-title=\"monstruo-rosa\" data-image-description=\"\" data-image-caption=\"\" data-large-file=\"https:\/\/i0.wp.com\/2solesmusica.com\/wp-content\/uploads\/2022\/12\/monstruo-rosa.jpg?fit=552%2C523&amp;ssl=1\" src=\"https:\/\/i0.wp.com\/2solesmusica.com\/wp-content\/uploads\/2022\/12\/monstruo-rosa.jpg?resize=552%2C523&#038;ssl=1\" alt=\"\" class=\"wp-image-819 size-full\" \/><\/figure><div class=\"wp-block-media-text__content\">\n<p class=\"wp-block-paragraph\"><strong><em>Monstruo Rosa<\/em><\/strong> de <strong><em>Olga de Dios<\/em><\/strong> es un libro premiado por su ilustraci\u00f3n y por su contenido. El hilo conductor es la diversidad como fuente de convivencia entre todos los seres humanos. El respeto de la diferencia, porque todos somos diferentes y particulares.<\/p>\n\n\n\n<p class=\"wp-block-paragraph\">Luego vendr\u00eda monstruo azul, y pollito amarillo, todos siempre enfocados al respeto de la diferencia y la convivencia.<\/p>\n<\/div><\/div>\n\n\n\n<p class=\"has-text-align-center has-primary-color has-cyan-bluish-gray-background-color has-text-color has-background wp-block-paragraph\"><strong><a href=\"https:\/\/amzn.to\/3VQdZcD\">COMPRAR AQU\u00cd.<\/a><\/strong><\/p>\n\n\n\n<div class=\"wp-block-media-text alignwide is-stacked-on-mobile\" style=\"grid-template-columns:30% auto\"><figure class=\"wp-block-media-text__media\"><img data-recalc-dims=\"1\" loading=\"lazy\" decoding=\"async\" width=\"800\" height=\"988\" data-attachment-id=\"821\" data-permalink=\"https:\/\/2solesmusica.com\/?attachment_id=821\" data-orig-file=\"https:\/\/i0.wp.com\/2solesmusica.com\/wp-content\/uploads\/2022\/12\/oscar-wilde.jpg?fit=800%2C988&amp;ssl=1\" data-orig-size=\"800,988\" data-comments-opened=\"1\" data-image-meta=\"{&quot;aperture&quot;:&quot;0&quot;,&quot;credit&quot;:&quot;&quot;,&quot;camera&quot;:&quot;&quot;,&quot;caption&quot;:&quot;&quot;,&quot;created_timestamp&quot;:&quot;0&quot;,&quot;copyright&quot;:&quot;&quot;,&quot;focal_length&quot;:&quot;0&quot;,&quot;iso&quot;:&quot;0&quot;,&quot;shutter_speed&quot;:&quot;0&quot;,&quot;title&quot;:&quot;&quot;,&quot;orientation&quot;:&quot;0&quot;}\" data-image-title=\"oscar-wilde\" data-image-description=\"\" data-image-caption=\"\" data-large-file=\"https:\/\/i0.wp.com\/2solesmusica.com\/wp-content\/uploads\/2022\/12\/oscar-wilde.jpg?fit=800%2C988&amp;ssl=1\" src=\"https:\/\/i0.wp.com\/2solesmusica.com\/wp-content\/uploads\/2022\/12\/oscar-wilde.jpg?resize=800%2C988&#038;ssl=1\" alt=\"\" class=\"wp-image-821 size-full\" \/><\/figure><div class=\"wp-block-media-text__content\">\n<p class=\"wp-block-paragraph\">Narrada por <strong><em>Boris Izaguirre<\/em><\/strong>, nos cuenta la historia de <em>Oscar Wilde<\/em> al que muchos ni\u00f1os conocer\u00e1n por tener que leer en el colegio o el instituto <em>El Fantasma de Canterville<\/em> o <em>El Retrato de Dorian Grey<\/em>.  <\/p>\n\n\n\n<p class=\"wp-block-paragraph\">Adem\u00e1s de su enorme talento literario, en su vida mostr\u00f3 tambi\u00e9n un firme compromiso con la libertad de cada cual a vivir libremente, sin sufrir discriminaciones por el simple hecho de ser diferente. Por eso, su vida es un canto a la diversidad y la tolerancia.<\/p>\n\n\n\n<p class=\"wp-block-paragraph\">Boris Izaguirre le rinde homenaje en esta maravillosa biograf\u00eda ilustrada de la colecci\u00f3n Mis Peque\u00f1os H\u00e9roes.<\/p>\n<\/div><\/div>\n\n\n\n<p class=\"has-text-align-center has-primary-color has-cyan-bluish-gray-background-color has-text-color has-background wp-block-paragraph\"><strong><a href=\"https:\/\/amzn.to\/3FkNmFz\">COMPRAR AQU\u00cd<\/a><\/strong><\/p>\n\n\n\n<div class=\"wp-block-media-text alignwide is-stacked-on-mobile\" style=\"grid-template-columns:30% auto\"><figure class=\"wp-block-media-text__media\"><img data-recalc-dims=\"1\" loading=\"lazy\" decoding=\"async\" width=\"973\" height=\"969\" data-attachment-id=\"826\" data-permalink=\"https:\/\/2solesmusica.com\/?attachment_id=826\" data-orig-file=\"https:\/\/i0.wp.com\/2solesmusica.com\/wp-content\/uploads\/2022\/12\/quien-eres-tu_978-84-18723-32-2.jpg?fit=973%2C969&amp;ssl=1\" data-orig-size=\"973,969\" data-comments-opened=\"1\" data-image-meta=\"{&quot;aperture&quot;:&quot;0&quot;,&quot;credit&quot;:&quot;&quot;,&quot;camera&quot;:&quot;&quot;,&quot;caption&quot;:&quot;&quot;,&quot;created_timestamp&quot;:&quot;0&quot;,&quot;copyright&quot;:&quot;&quot;,&quot;focal_length&quot;:&quot;0&quot;,&quot;iso&quot;:&quot;0&quot;,&quot;shutter_speed&quot;:&quot;0&quot;,&quot;title&quot;:&quot;&quot;,&quot;orientation&quot;:&quot;1&quot;}\" data-image-title=\"quien-eres-tu_978-84-18723-32-2\" data-image-description=\"\" data-image-caption=\"\" data-large-file=\"https:\/\/i0.wp.com\/2solesmusica.com\/wp-content\/uploads\/2022\/12\/quien-eres-tu_978-84-18723-32-2.jpg?fit=973%2C969&amp;ssl=1\" src=\"https:\/\/i0.wp.com\/2solesmusica.com\/wp-content\/uploads\/2022\/12\/quien-eres-tu_978-84-18723-32-2.jpg?resize=973%2C969&#038;ssl=1\" alt=\"\" class=\"wp-image-826 size-full\" \/><\/figure><div class=\"wp-block-media-text__content\">\n<p class=\"wp-block-paragraph\"><strong><em>\u00bfQui\u00e9n eres t\u00fa?<\/em><\/strong> es un libro para leer junto a tu hijo, sobrino, nieto, o con un ni\u00f1o o ni\u00f1a de la familia. Plantea la identidad de g\u00e9nero, comenzando por definir qu\u00e9 es eso del <em><strong>g\u00e9nero<\/strong><\/em>. Con ilustraciones y con un lenguaje simple este libro puede leerse desde los 3 a\u00f1os para iniciar un di\u00e1logo sobre el respeto, sobre el g\u00e9nero, sobre la identidad y sobre la sexualidad.<\/p>\n\n\n\n<p class=\"wp-block-paragraph\">Incluye una rueda interactiva y una gu\u00eda para personas adultas. Estos materiales ayudan en el proceso de acompa\u00f1ar a la infancia y explicar conceptos clave, tambi\u00e9n identifica puntos clave para la conversaci\u00f3n, aportando ideas y reflexiones \u00fatiles.<\/p>\n<\/div><\/div>\n\n\n\n<p class=\"has-text-align-center has-primary-color has-cyan-bluish-gray-background-color has-text-color has-background wp-block-paragraph\"><strong><a href=\"https:\/\/amzn.to\/3Hs0aww\">COMPRAR AQU\u00cd<\/a><\/strong><\/p>\n\n\n\n<div class=\"wp-block-media-text alignwide is-stacked-on-mobile\" style=\"grid-template-columns:30% auto\"><figure class=\"wp-block-media-text__media\"><img data-recalc-dims=\"1\" loading=\"lazy\" decoding=\"async\" width=\"468\" height=\"669\" data-attachment-id=\"830\" data-permalink=\"https:\/\/2solesmusica.com\/?attachment_id=830\" data-orig-file=\"https:\/\/i0.wp.com\/2solesmusica.com\/wp-content\/uploads\/2022\/12\/fuera-disfraces_9788424671303.jpg?fit=468%2C669&amp;ssl=1\" data-orig-size=\"468,669\" data-comments-opened=\"1\" data-image-meta=\"{&quot;aperture&quot;:&quot;0&quot;,&quot;credit&quot;:&quot;&quot;,&quot;camera&quot;:&quot;&quot;,&quot;caption&quot;:&quot;&quot;,&quot;created_timestamp&quot;:&quot;0&quot;,&quot;copyright&quot;:&quot;&quot;,&quot;focal_length&quot;:&quot;0&quot;,&quot;iso&quot;:&quot;0&quot;,&quot;shutter_speed&quot;:&quot;0&quot;,&quot;title&quot;:&quot;&quot;,&quot;orientation&quot;:&quot;1&quot;}\" data-image-title=\"fuera-disfraces_9788424671303\" data-image-description=\"\" data-image-caption=\"\" data-large-file=\"https:\/\/i0.wp.com\/2solesmusica.com\/wp-content\/uploads\/2022\/12\/fuera-disfraces_9788424671303.jpg?fit=468%2C669&amp;ssl=1\" src=\"https:\/\/i0.wp.com\/2solesmusica.com\/wp-content\/uploads\/2022\/12\/fuera-disfraces_9788424671303.jpg?resize=468%2C669&#038;ssl=1\" alt=\"\" class=\"wp-image-830 size-full\" \/><\/figure><div class=\"wp-block-media-text__content\">\n<p class=\"wp-block-paragraph\"><strong><em>Fuera Disfraces<\/em><\/strong> es un libro muy \u00fatil para ayudar a los ni\u00f1os, y a los adultos, a no asignar roles de g\u00e9nero a los ni\u00f1os por el uso de algo tan cotidiano como la ropa. Llevar un tut\u00fa y zapitallas de bailarina no te hace ni\u00f1a.<\/p>\n\n\n\n<p class=\"wp-block-paragraph\">Pablo es un ni\u00f1o al que le gusta ponerse cualquier ropa, con que tenga vivos colores es suficiente, pero su familia le dice que hay unas normas para ir al colegio y no le dan la libertad de ir vestido como quiere. Pablo se siente que va \u00abdisfrazado\u00bb al colegio cada d\u00eda, porque si por \u00e9l fuera ir\u00eda vestido de astronauta o de bailarina&#8230; pero no&#8230; le ponen una ropa horrorosa cada d\u00eda.<\/p>\n\n\n\n<p class=\"wp-block-paragraph\">La historia anima a desafiar las normas absurdas como la imposici\u00f3n de determinados colores o de un tipo de ropa seg\u00fan tu g\u00e9nero.<\/p>\n<\/div><\/div>\n\n\n\n<p class=\"has-text-align-center has-primary-color has-cyan-bluish-gray-background-color has-text-color has-background wp-block-paragraph\"><strong><a href=\"https:\/\/amzn.to\/3BurPJc\">COMPRAR AQU\u00cd.<\/a><\/strong><\/p>\n\n\n\n<div class=\"wp-block-media-text alignwide is-stacked-on-mobile\" style=\"grid-template-columns:30% auto\"><figure class=\"wp-block-media-text__media\"><img data-recalc-dims=\"1\" loading=\"lazy\" decoding=\"async\" width=\"1600\" height=\"1260\" data-attachment-id=\"834\" data-permalink=\"https:\/\/2solesmusica.com\/?attachment_id=834\" data-orig-file=\"https:\/\/i0.wp.com\/2solesmusica.com\/wp-content\/uploads\/2022\/12\/y-fueron-felices_978-84-09-34771-1.jpeg?fit=1600%2C1260&amp;ssl=1\" data-orig-size=\"1600,1260\" data-comments-opened=\"1\" data-image-meta=\"{&quot;aperture&quot;:&quot;0&quot;,&quot;credit&quot;:&quot;&quot;,&quot;camera&quot;:&quot;&quot;,&quot;caption&quot;:&quot;&quot;,&quot;created_timestamp&quot;:&quot;0&quot;,&quot;copyright&quot;:&quot;&quot;,&quot;focal_length&quot;:&quot;0&quot;,&quot;iso&quot;:&quot;0&quot;,&quot;shutter_speed&quot;:&quot;0&quot;,&quot;title&quot;:&quot;&quot;,&quot;orientation&quot;:&quot;0&quot;}\" data-image-title=\"y-fueron-felices_978-84-09-34771-1\" data-image-description=\"\" data-image-caption=\"\" data-large-file=\"https:\/\/i0.wp.com\/2solesmusica.com\/wp-content\/uploads\/2022\/12\/y-fueron-felices_978-84-09-34771-1.jpeg?fit=1024%2C806&amp;ssl=1\" src=\"https:\/\/i0.wp.com\/2solesmusica.com\/wp-content\/uploads\/2022\/12\/y-fueron-felices_978-84-09-34771-1.jpeg?resize=1600%2C1260&#038;ssl=1\" alt=\"\" class=\"wp-image-834 size-full\" \/><\/figure><div class=\"wp-block-media-text__content\">\n<p class=\"wp-block-paragraph\">En <strong><em>Y Fueron Felices<\/em><\/strong>, el pr\u00edncipe Bruno ha crecido y su padre anda muy preocupado porque Bruno est\u00e1 a punto de heredar el trono y sin un amor a su lado quiz\u00e1 el peso de la corona se le haga muy grande.<\/p>\n\n\n\n<p class=\"wp-block-paragraph\">Pero nadie sabe que Bruno ha encontrado el amor en Jorge, el hijo de un caballero, con el que ha corrido muchas aventuras y les une una gran amistad, pero todo es muy complicado&#8230; adem\u00e1s hay un drag\u00f3n en las puertas del castillo que no va a facilitar nada las cosas.<\/p>\n\n\n\n<p class=\"wp-block-paragraph\">El t\u00edtulo del libro es muy significativo y efectivamente ser\u00e1n felices para siempre. Una vuelta de tuerca a la leyenda del drag\u00f3n y la rosa.<\/p>\n<\/div><\/div>\n\n\n\n<p class=\"has-text-align-center has-primary-color has-cyan-bluish-gray-background-color has-text-color has-background wp-block-paragraph\"><strong><a href=\"https:\/\/amzn.to\/3UWYq1k\">COMPRAR AQU\u00cd<\/a><\/strong><\/p>\n\n\n\n<h2 class=\"wp-block-heading\"><strong>Arte, ensayo, novela: los referentes para el mundo adulto.<\/strong><\/h2>\n\n\n\n<div class=\"wp-block-media-text alignwide is-stacked-on-mobile\" style=\"grid-template-columns:30% auto\"><figure class=\"wp-block-media-text__media\"><img data-recalc-dims=\"1\" loading=\"lazy\" decoding=\"async\" width=\"552\" height=\"743\" data-attachment-id=\"848\" data-permalink=\"https:\/\/2solesmusica.com\/?attachment_id=848\" data-orig-file=\"https:\/\/i0.wp.com\/2solesmusica.com\/wp-content\/uploads\/2022\/12\/9788419263070.jpg?fit=552%2C743&amp;ssl=1\" data-orig-size=\"552,743\" data-comments-opened=\"1\" data-image-meta=\"{&quot;aperture&quot;:&quot;0&quot;,&quot;credit&quot;:&quot;&quot;,&quot;camera&quot;:&quot;&quot;,&quot;caption&quot;:&quot;&quot;,&quot;created_timestamp&quot;:&quot;0&quot;,&quot;copyright&quot;:&quot;&quot;,&quot;focal_length&quot;:&quot;0&quot;,&quot;iso&quot;:&quot;0&quot;,&quot;shutter_speed&quot;:&quot;0&quot;,&quot;title&quot;:&quot;&quot;,&quot;orientation&quot;:&quot;0&quot;}\" data-image-title=\"9788419263070\" data-image-description=\"\" data-image-caption=\"\" data-large-file=\"https:\/\/i0.wp.com\/2solesmusica.com\/wp-content\/uploads\/2022\/12\/9788419263070.jpg?fit=552%2C743&amp;ssl=1\" src=\"https:\/\/i0.wp.com\/2solesmusica.com\/wp-content\/uploads\/2022\/12\/9788419263070.jpg?resize=552%2C743&#038;ssl=1\" alt=\"\" class=\"wp-image-848 size-full\" \/><\/figure><div class=\"wp-block-media-text__content\">\n<p class=\"wp-block-paragraph\">Dec\u00eda la revista New Musical Express: \u00aben 1972 naci\u00f3 el mes\u00edas del Rock&#8217;n&#8217;Roll <strong><em>Ziggy Stardust<\/em><\/strong>, cuyo provocativo jugueteo con la identidad sexual y los roles de g\u00e9nero dio el pistoletazo de salida a la carrera del que acab\u00f3 convirti\u00e9ndose en el artista pop m\u00e1s influyente de todos los tiempos.<\/p>\n\n\n\n<p class=\"wp-block-paragraph\">Starman narra el auge y declive de el alter ego m\u00e1s famoso de la historia musical de las \u00faltimas d\u00e9cadas gracias a las ilustraciones  de Reinhard Kleist y textos de Thomas Gilke, que en esta novela gr\u00e1fica plasman como nadie las excentricidades y la vida de desenfreno y locura del mito David Bowie.<\/p>\n<\/div><\/div>\n\n\n\n<p class=\"has-text-align-center has-primary-color has-cyan-bluish-gray-background-color has-text-color has-background wp-block-paragraph\"><strong><a href=\"https:\/\/amzn.to\/3UQOPJA\">COMPRAR AQU\u00cd.<\/a><\/strong><\/p>\n\n\n\n<div class=\"wp-block-media-text alignwide is-stacked-on-mobile\" style=\"grid-template-columns:30% auto\"><figure class=\"wp-block-media-text__media\"><img data-recalc-dims=\"1\" loading=\"lazy\" decoding=\"async\" width=\"229\" height=\"366\" data-attachment-id=\"838\" data-permalink=\"https:\/\/2solesmusica.com\/?attachment_id=838\" data-orig-file=\"https:\/\/i0.wp.com\/2solesmusica.com\/wp-content\/uploads\/2022\/12\/el-grupo-de-bloomsbury_9788430623853.jpg?fit=229%2C366&amp;ssl=1\" data-orig-size=\"229,366\" data-comments-opened=\"1\" data-image-meta=\"{&quot;aperture&quot;:&quot;0&quot;,&quot;credit&quot;:&quot;&quot;,&quot;camera&quot;:&quot;&quot;,&quot;caption&quot;:&quot;&quot;,&quot;created_timestamp&quot;:&quot;0&quot;,&quot;copyright&quot;:&quot;&quot;,&quot;focal_length&quot;:&quot;0&quot;,&quot;iso&quot;:&quot;0&quot;,&quot;shutter_speed&quot;:&quot;0&quot;,&quot;title&quot;:&quot;&quot;,&quot;orientation&quot;:&quot;0&quot;}\" data-image-title=\"el-grupo-de-bloomsbury_9788430623853\" data-image-description=\"\" data-image-caption=\"\" data-large-file=\"https:\/\/i0.wp.com\/2solesmusica.com\/wp-content\/uploads\/2022\/12\/el-grupo-de-bloomsbury_9788430623853.jpg?fit=229%2C366&amp;ssl=1\" src=\"https:\/\/i0.wp.com\/2solesmusica.com\/wp-content\/uploads\/2022\/12\/el-grupo-de-bloomsbury_9788430623853.jpg?resize=229%2C366&#038;ssl=1\" alt=\"\" class=\"wp-image-838 size-full\" \/><\/figure><div class=\"wp-block-media-text__content\">\n<p class=\"wp-block-paragraph\"><strong><em>Quentin Bell<\/em><\/strong> recoge en este libro a grandes nombres del arte que formaron el legendario grupo de artistas y escritores, amigos y amantes de <strong><em>Bloomsbury<\/em><\/strong>.<\/p>\n\n\n\n<p class=\"wp-block-paragraph\"><em>Virginia Woolf, Roger Fry, J. M. Keynes, Lytton Strachey, Harold Nicolson, Vita Sackville, Duncan Grant<\/em>, junto con otras figuras de la aristocracia y la intelectualidad londinense, como <em>T. S. Eliot, Bertrand Russell o E. M. Forster<\/em>, desafiaron la moral victoriana y constituyeron un fascinante clan.<\/p>\n\n\n\n<p class=\"wp-block-paragraph\">El grupo de Bloomsbury fue publicado originalmente en 1974 y reeditado en 1996.<\/p>\n<\/div><\/div>\n\n\n\n<p class=\"has-text-align-center has-primary-color has-cyan-bluish-gray-background-color has-text-color has-background wp-block-paragraph\"><strong><a href=\"https:\/\/amzn.to\/3Wd9atv\">COMPRAR AQU\u00cd<\/a><\/strong><\/p>\n\n\n\n<div class=\"wp-block-media-text alignwide is-stacked-on-mobile\" style=\"grid-template-columns:30% auto\"><figure class=\"wp-block-media-text__media\"><img data-recalc-dims=\"1\" loading=\"lazy\" decoding=\"async\" width=\"552\" height=\"797\" data-attachment-id=\"841\" data-permalink=\"https:\/\/2solesmusica.com\/?attachment_id=841\" data-orig-file=\"https:\/\/i0.wp.com\/2solesmusica.com\/wp-content\/uploads\/2022\/12\/rob-halford.jpg?fit=552%2C797&amp;ssl=1\" data-orig-size=\"552,797\" data-comments-opened=\"1\" data-image-meta=\"{&quot;aperture&quot;:&quot;0&quot;,&quot;credit&quot;:&quot;&quot;,&quot;camera&quot;:&quot;&quot;,&quot;caption&quot;:&quot;&quot;,&quot;created_timestamp&quot;:&quot;0&quot;,&quot;copyright&quot;:&quot;&quot;,&quot;focal_length&quot;:&quot;0&quot;,&quot;iso&quot;:&quot;0&quot;,&quot;shutter_speed&quot;:&quot;0&quot;,&quot;title&quot;:&quot;&quot;,&quot;orientation&quot;:&quot;0&quot;}\" data-image-title=\"rob-halford\" data-image-description=\"\" data-image-caption=\"\" data-large-file=\"https:\/\/i0.wp.com\/2solesmusica.com\/wp-content\/uploads\/2022\/12\/rob-halford.jpg?fit=552%2C797&amp;ssl=1\" src=\"https:\/\/i0.wp.com\/2solesmusica.com\/wp-content\/uploads\/2022\/12\/rob-halford.jpg?resize=552%2C797&#038;ssl=1\" alt=\"\" class=\"wp-image-841 size-full\" \/><\/figure><div class=\"wp-block-media-text__content\">\n<p class=\"wp-block-paragraph\">La biograf\u00eda del l\u00edder del grupo de heavy metal <strong><em>Judas Priest<\/em><\/strong>, es una de las m\u00e1s interesantes autoescrita por el propio <strong><em>Rob Halford<\/em><\/strong>. Cuenta c\u00f3mo ser un l\u00edder de un grupo de \u00e9xito y tener que ocultar tu homosexualidad para no perder ventas, o conciertos o ser visto como un bicho raro.<\/p>\n\n\n\n<p class=\"wp-block-paragraph\">La lucha contra el estereotipo de m\u00fasica rock: el rol de macho alfa elevado a la m\u00e1xima potencia, caus\u00f3 graves problemas a Rob que se refugi\u00f3 en las drogas y el alcohol, propiciando un intento de suicidio.<\/p>\n\n\n\n<p class=\"wp-block-paragraph\">En <strong><em>Confesi\u00f3n<\/em><\/strong>, se sincera, pero adem\u00e1s se <em>libera <\/em>de la pesada carga de llevar a cuesta un inmenso armario durante toda su carrera. Habr\u00e1 un segundo libro, publicado de momento s\u00f3lo en ingl\u00e9s con el t\u00edtulo <strong>BIBLICAL <\/strong>donde analiza la historia del rock pero desde su punto de vista, como una persona que ha vivido el heavy metal desde dentro de la industria.<\/p>\n<\/div><\/div>\n\n\n\n<p class=\"has-text-align-center has-primary-color has-cyan-bluish-gray-background-color has-text-color has-background wp-block-paragraph\"><strong><a href=\"https:\/\/amzn.to\/3VSsJYm\">COMPRAR AQU\u00cd<\/a><\/strong><\/p>\n\n\n\n<div class=\"wp-block-media-text alignwide is-stacked-on-mobile\" style=\"grid-template-columns:30% auto\"><figure class=\"wp-block-media-text__media\"><img data-recalc-dims=\"1\" loading=\"lazy\" decoding=\"async\" width=\"552\" height=\"849\" data-attachment-id=\"846\" data-permalink=\"https:\/\/2solesmusica.com\/?attachment_id=846\" data-orig-file=\"https:\/\/i0.wp.com\/2solesmusica.com\/wp-content\/uploads\/2022\/12\/9788448029685.jpg?fit=552%2C849&amp;ssl=1\" data-orig-size=\"552,849\" data-comments-opened=\"1\" data-image-meta=\"{&quot;aperture&quot;:&quot;0&quot;,&quot;credit&quot;:&quot;&quot;,&quot;camera&quot;:&quot;&quot;,&quot;caption&quot;:&quot;&quot;,&quot;created_timestamp&quot;:&quot;0&quot;,&quot;copyright&quot;:&quot;&quot;,&quot;focal_length&quot;:&quot;0&quot;,&quot;iso&quot;:&quot;0&quot;,&quot;shutter_speed&quot;:&quot;0&quot;,&quot;title&quot;:&quot;&quot;,&quot;orientation&quot;:&quot;0&quot;}\" data-image-title=\"9788448029685\" data-image-description=\"\" data-image-caption=\"\" data-large-file=\"https:\/\/i0.wp.com\/2solesmusica.com\/wp-content\/uploads\/2022\/12\/9788448029685.jpg?fit=552%2C849&amp;ssl=1\" src=\"https:\/\/i0.wp.com\/2solesmusica.com\/wp-content\/uploads\/2022\/12\/9788448029685.jpg?resize=552%2C849&#038;ssl=1\" alt=\"\" class=\"wp-image-846 size-full\" \/><\/figure><div class=\"wp-block-media-text__content\">\n<p class=\"wp-block-paragraph\"><strong><em>Raffasofia <\/em><\/strong>es un chorro de originalidad, el libro que nos ayudar\u00e1 a hacer brillar la <strong><em>Rafaella <\/em><\/strong>que todos llevamos dentro.<\/p>\n\n\n\n<p class=\"wp-block-paragraph\">Raffaela Carr\u00e1 mito y como creadora de una filosof\u00eda de vida que conoceremos a trav\u00e9s de sus canciones. Raffasofia no es una biograf\u00eda al uso, sino un libro ilustrado que rebosa alegr\u00eda por todas partes y que transmite esa forma de vivir en libertad de la que la artista nunca sent\u00f3 c\u00e1tedra, ni discuti\u00f3, simplemente vivi\u00f3 como le dio la gana en todo momento.<\/p>\n\n\n\n<p class=\"wp-block-paragraph\">Su forma de vivir y aceptar la diversidad fue actuar con absoluta naturalidad.<\/p>\n<\/div><\/div>\n\n\n\n<p class=\"has-text-align-center has-primary-color has-cyan-bluish-gray-background-color has-text-color has-background wp-block-paragraph\"><strong><a href=\"https:\/\/amzn.to\/3Ycx4Y5\">COMPRAR AQU\u00cd.<\/a><\/strong><\/p>\n\n\n\n<div class=\"wp-block-media-text alignwide is-stacked-on-mobile\" style=\"grid-template-columns:30% auto\"><figure class=\"wp-block-media-text__media\"><img data-recalc-dims=\"1\" loading=\"lazy\" decoding=\"async\" width=\"673\" height=\"1024\" data-attachment-id=\"855\" data-permalink=\"https:\/\/2solesmusica.com\/?attachment_id=855\" data-orig-file=\"https:\/\/i0.wp.com\/2solesmusica.com\/wp-content\/uploads\/2022\/12\/preciado-portada-1.jpg?fit=673%2C1024&amp;ssl=1\" data-orig-size=\"673,1024\" data-comments-opened=\"1\" data-image-meta=\"{&quot;aperture&quot;:&quot;0&quot;,&quot;credit&quot;:&quot;&quot;,&quot;camera&quot;:&quot;&quot;,&quot;caption&quot;:&quot;&quot;,&quot;created_timestamp&quot;:&quot;0&quot;,&quot;copyright&quot;:&quot;&quot;,&quot;focal_length&quot;:&quot;0&quot;,&quot;iso&quot;:&quot;0&quot;,&quot;shutter_speed&quot;:&quot;0&quot;,&quot;title&quot;:&quot;&quot;,&quot;orientation&quot;:&quot;0&quot;}\" data-image-title=\"preciado-portada-1\" data-image-description=\"\" data-image-caption=\"\" data-large-file=\"https:\/\/i0.wp.com\/2solesmusica.com\/wp-content\/uploads\/2022\/12\/preciado-portada-1.jpg?fit=673%2C1024&amp;ssl=1\" src=\"https:\/\/i0.wp.com\/2solesmusica.com\/wp-content\/uploads\/2022\/12\/preciado-portada-1.jpg?resize=673%2C1024&#038;ssl=1\" alt=\"\" class=\"wp-image-855 size-full\" \/><\/figure><div class=\"wp-block-media-text__content\">\n<p class=\"wp-block-paragraph\"><strong><em>Dysphoria Mundi<\/em><\/strong> es el libro m\u00e1s arriesgado del a\u00f1o. Puede que tambi\u00e9n sea el mejor ensayo publicado este a\u00f1o y me atrevo a decir que debe ser un libro de lectura obligatoria.<\/p>\n\n\n\n<p class=\"wp-block-paragraph\">El fil\u00f3sofo Paul B. Preciado incita a la revoluci\u00f3n, para que te hagas una idea Preciado inicia el libro publicando el diagn\u00f3stico que recibi\u00f3 de su psiquiatra. \u201cLa psiquiatr\u00eda normativa hace de m\u00ed alguien con disforia de g\u00e9nero, una especie de enfermo mental. Esa es la posici\u00f3n. Y yo le voy a contar durante 500 p\u00e1ginas, como yo veo las cosas y el hecho de que yo sea un fil\u00f3sofo contempor\u00e1neo que puedo hablar desde esa posici\u00f3n, eso es ya en s\u00ed algo in\u00e9dito. Es un espacio de invenci\u00f3n, de libertad y de posibilidad de acci\u00f3n por el que es necesario luchar. Si ni siquiera nos reconocemos como un movimiento revolucionario, estamos acabados\u201d.<\/p>\n\n\n\n<p class=\"wp-block-paragraph\">\u00abSupuestamente tendr\u00edamos una inadecuaci\u00f3n entre dos partes, como si nos hubieran partido en dos con un hacha. Como si el cuerpo fuera femenino y la parte social o la parte mental o psicol\u00f3gica fuera masculina. Y el intento de la psiquiatr\u00eda normativa ser\u00eda como adecuarnos\u00bb, dice Preciado.<\/p>\n\n\n\n<p class=\"wp-block-paragraph\">Estamos ante el libro del a\u00f1o de la secci\u00f3n lgtbi+ de tu librer\u00eda, si es que existe esa secci\u00f3n en la librer\u00eda de tu barrio.<\/p>\n<\/div><\/div>\n\n\n\n<p class=\"has-text-align-center has-primary-color has-cyan-bluish-gray-background-color has-text-color has-background wp-block-paragraph\"><strong><a href=\"https:\/\/amzn.to\/3FNwXuw\">COMPRAR AQU\u00cd.<\/a><\/strong><\/p>\n\n\n\n<div class=\"wp-block-media-text alignwide is-stacked-on-mobile\" style=\"grid-template-columns:30% auto\"><figure class=\"wp-block-media-text__media\"><img data-recalc-dims=\"1\" loading=\"lazy\" decoding=\"async\" width=\"250\" height=\"360\" data-attachment-id=\"859\" data-permalink=\"https:\/\/2solesmusica.com\/?attachment_id=859\" data-orig-file=\"https:\/\/i0.wp.com\/2solesmusica.com\/wp-content\/uploads\/2022\/12\/petardance.webp?fit=250%2C360&amp;ssl=1\" data-orig-size=\"250,360\" data-comments-opened=\"1\" data-image-meta=\"{&quot;aperture&quot;:&quot;0&quot;,&quot;credit&quot;:&quot;&quot;,&quot;camera&quot;:&quot;&quot;,&quot;caption&quot;:&quot;&quot;,&quot;created_timestamp&quot;:&quot;0&quot;,&quot;copyright&quot;:&quot;&quot;,&quot;focal_length&quot;:&quot;0&quot;,&quot;iso&quot;:&quot;0&quot;,&quot;shutter_speed&quot;:&quot;0&quot;,&quot;title&quot;:&quot;&quot;,&quot;orientation&quot;:&quot;0&quot;}\" data-image-title=\"petardance\" data-image-description=\"\" data-image-caption=\"\" data-large-file=\"https:\/\/i0.wp.com\/2solesmusica.com\/wp-content\/uploads\/2022\/12\/petardance.webp?fit=250%2C360&amp;ssl=1\" src=\"https:\/\/i0.wp.com\/2solesmusica.com\/wp-content\/uploads\/2022\/12\/petardance.webp?resize=250%2C360&#038;ssl=1\" alt=\"\" class=\"wp-image-859 size-full\" \/><\/figure><div class=\"wp-block-media-text__content\">\n<p class=\"wp-block-paragraph\">Riguroso estudio de Luis Arronte y Paco Esp\u00ednola. Una recopilaci\u00f3n de canciones y sus letras en ingl\u00e9s y castellano, que adem\u00e1s se re\u00fanen en 2 CD&#8217;s (38 canciones).<\/p>\n\n\n\n<p class=\"wp-block-paragraph\">Y habr\u00e1 quien opine que ce\u00f1ir la m\u00fasica a un determinado colectivo puede ser una aberraci\u00f3n, pero querida, la m\u00fasica ha estado siempre muy ligada al colectivo lgtbiq+ y por tanto forma parte de sus historia y ha evolucionado a la par que est\u00e1 evolucionando el propio movimiento.<\/p>\n\n\n\n<p class=\"wp-block-paragraph\">A trav\u00e9s de las letras seleccionadas entenderemos la situaci\u00f3n del movimiento lgtbiq+ en cada \u00e9poca hist\u00f3rica.<\/p>\n<\/div><\/div>\n\n\n\n<p class=\"has-text-align-center has-primary-color has-cyan-bluish-gray-background-color has-text-color has-background wp-block-paragraph\"><strong><a href=\"https:\/\/amzn.to\/3hhDUuK\">COMPRAR AQU\u00cd<\/a><\/strong><\/p>\n\n\n\n<div class=\"wp-block-media-text alignwide is-stacked-on-mobile\" style=\"grid-template-columns:30% auto\"><figure class=\"wp-block-media-text__media\"><img data-recalc-dims=\"1\" loading=\"lazy\" decoding=\"async\" width=\"1000\" height=\"1500\" data-attachment-id=\"863\" data-permalink=\"https:\/\/2solesmusica.com\/?attachment_id=863\" data-orig-file=\"https:\/\/i0.wp.com\/2solesmusica.com\/wp-content\/uploads\/2022\/12\/jesuslgtbiq.jpg?fit=1000%2C1500&amp;ssl=1\" data-orig-size=\"1000,1500\" data-comments-opened=\"1\" data-image-meta=\"{&quot;aperture&quot;:&quot;0&quot;,&quot;credit&quot;:&quot;&quot;,&quot;camera&quot;:&quot;&quot;,&quot;caption&quot;:&quot;&quot;,&quot;created_timestamp&quot;:&quot;0&quot;,&quot;copyright&quot;:&quot;&quot;,&quot;focal_length&quot;:&quot;0&quot;,&quot;iso&quot;:&quot;0&quot;,&quot;shutter_speed&quot;:&quot;0&quot;,&quot;title&quot;:&quot;&quot;,&quot;orientation&quot;:&quot;0&quot;}\" data-image-title=\"jesuslgtbiq\" data-image-description=\"\" data-image-caption=\"\" data-large-file=\"https:\/\/i0.wp.com\/2solesmusica.com\/wp-content\/uploads\/2022\/12\/jesuslgtbiq.jpg?fit=683%2C1024&amp;ssl=1\" src=\"https:\/\/i0.wp.com\/2solesmusica.com\/wp-content\/uploads\/2022\/12\/jesuslgtbiq.jpg?resize=1000%2C1500&#038;ssl=1\" alt=\"\" class=\"wp-image-863 size-full\" \/><\/figure><div class=\"wp-block-media-text__content\">\n<p class=\"wp-block-paragraph\"><strong><em>JES\u00daS LGTBIQ+<\/em><\/strong> puede que sea el libro m\u00e1s sorprendente que te vamos a proponer en este art\u00edculo. <strong><em>Emma Cadenas<\/em><\/strong> plantea la compatibilidad del cristianismo con la diversidad sexual y la de g\u00e9nero.<\/p>\n\n\n\n<p class=\"wp-block-paragraph\">\u00bfHabla la Biblia de homosexualidad, de transg\u00e9nero?\u00bfOdia Jes\u00fas a los homosexuales?\u00bfCondena Jes\u00fas alguna de estas conductas?<\/p>\n\n\n\n<p class=\"wp-block-paragraph\">La verdad es que el libro justifica que ni las escrituras ni las ense\u00f1anzas de esas escrituras, utilizadas desde la antig\u00fcedad como argumento cesurador de las conductas propias del colectivo lgtbiq son censurables desde el cristianismo por el propio argumento de \u00ab<em><strong>la hermen\u00e9utica del amor<\/strong><\/em>\u00bb convirtiendo el mensaje cristiano en un mensaje inclusivo a favor del movimiento lgtbiq+.<\/p>\n\n\n\n<p class=\"wp-block-paragraph\">La creencia religiosa es un derecho humano en s\u00ed, utilizado por determinados sectores del cristianismo, sin embargo analizando las escrituras el mensaje es otro. Es hora de que alguien lo cuente.<\/p>\n<\/div><\/div>\n\n\n\n<p class=\"has-text-align-center has-primary-color has-cyan-bluish-gray-background-color has-text-color has-background wp-block-paragraph\"><strong><a href=\"https:\/\/amzn.to\/3BuEDzj\">COMPRAR AQU\u00cd<\/a><\/strong><\/p>\n\n\n\n<div class=\"wp-block-media-text alignwide is-stacked-on-mobile\" style=\"grid-template-columns:30% auto\"><figure class=\"wp-block-media-text__media\"><img data-recalc-dims=\"1\" loading=\"lazy\" decoding=\"async\" width=\"456\" height=\"696\" data-attachment-id=\"866\" data-permalink=\"https:\/\/2solesmusica.com\/?attachment_id=866\" data-orig-file=\"https:\/\/i0.wp.com\/2solesmusica.com\/wp-content\/uploads\/2022\/12\/61ysh8au9cl.jpg?fit=456%2C696&amp;ssl=1\" data-orig-size=\"456,696\" data-comments-opened=\"1\" data-image-meta=\"{&quot;aperture&quot;:&quot;0&quot;,&quot;credit&quot;:&quot;&quot;,&quot;camera&quot;:&quot;&quot;,&quot;caption&quot;:&quot;&quot;,&quot;created_timestamp&quot;:&quot;0&quot;,&quot;copyright&quot;:&quot;&quot;,&quot;focal_length&quot;:&quot;0&quot;,&quot;iso&quot;:&quot;0&quot;,&quot;shutter_speed&quot;:&quot;0&quot;,&quot;title&quot;:&quot;&quot;,&quot;orientation&quot;:&quot;0&quot;}\" data-image-title=\"61ysh8au9cl\" data-image-description=\"\" data-image-caption=\"\" data-large-file=\"https:\/\/i0.wp.com\/2solesmusica.com\/wp-content\/uploads\/2022\/12\/61ysh8au9cl.jpg?fit=456%2C696&amp;ssl=1\" src=\"https:\/\/i0.wp.com\/2solesmusica.com\/wp-content\/uploads\/2022\/12\/61ysh8au9cl.jpg?resize=456%2C696&#038;ssl=1\" alt=\"\" class=\"wp-image-866 size-full\" \/><\/figure><div class=\"wp-block-media-text__content\">\n<p class=\"wp-block-paragraph\">DESFILE DE LEYENDAS es el manual definitivo para el adulto que sigue buscando referentes lgtbiq+ que han influido el la cultura pop. Como se comenta en la trasera de este libro \u00abes la clase de historia que nunca te dieron\u00bb, la que explica los or\u00edgenes del movimiento desde &nbsp;los disturbios de <em>Stonewall <\/em>de la mano de la m\u00edtica <em>Marsha P. Johnson<\/em>, la reina que paseaba por Nueva York con flores en el pelo, y de <em>Storm\u00e9 DeLarverie<\/em>, el drag king que patrullaba Greenwich Village en traje de chaqueta. Escuchamos a <em>Crystal LaBeija<\/em>, fundadora y madre de la formidable <em>Casa de LaBeija<\/em>, alzar la voz para reivindicar la belleza negra en el certamen de Miss Gay America. Nos colamos en los salones de Harlem donde naci\u00f3 el vogue, el baile que populariz\u00f3 <em>Madonna<\/em>, y en los clubs del Londres de los 90 con Leigh Bowery y sus looks imposibles. Todo ello con la m\u00fasica de The Rocky Horror Picture Show de fondo.&nbsp;<\/p>\n\n\n\n<p class=\"wp-block-paragraph\">Un libro que se lee con una mano que sujeta el libro, y la otra est\u00e1 en el teclado del ordenador, en google y youtube buscando las innumerables referencias musicales, art\u00edsticas, cinematogr\u00e1ficas, etc.<\/p>\n<\/div><\/div>\n\n\n\n<p class=\"has-text-align-center has-primary-color has-cyan-bluish-gray-background-color has-text-color has-background wp-block-paragraph\"><strong><a href=\"https:\/\/amzn.to\/3Poc7Fn\">COMPRAR AQU\u00cd.<\/a><\/strong><\/p>\n\n\n\n<div class=\"wp-block-media-text alignwide is-stacked-on-mobile\" style=\"grid-template-columns:30% auto\"><figure class=\"wp-block-media-text__media\"><img data-recalc-dims=\"1\" loading=\"lazy\" decoding=\"async\" width=\"1000\" height=\"1500\" data-attachment-id=\"870\" data-permalink=\"https:\/\/2solesmusica.com\/?attachment_id=870\" data-orig-file=\"https:\/\/i0.wp.com\/2solesmusica.com\/wp-content\/uploads\/2022\/12\/marioenlanube.jpg?fit=1000%2C1500&amp;ssl=1\" data-orig-size=\"1000,1500\" data-comments-opened=\"1\" data-image-meta=\"{&quot;aperture&quot;:&quot;0&quot;,&quot;credit&quot;:&quot;&quot;,&quot;camera&quot;:&quot;&quot;,&quot;caption&quot;:&quot;&quot;,&quot;created_timestamp&quot;:&quot;0&quot;,&quot;copyright&quot;:&quot;&quot;,&quot;focal_length&quot;:&quot;0&quot;,&quot;iso&quot;:&quot;0&quot;,&quot;shutter_speed&quot;:&quot;0&quot;,&quot;title&quot;:&quot;&quot;,&quot;orientation&quot;:&quot;0&quot;}\" data-image-title=\"marioenlanube\" data-image-description=\"\" data-image-caption=\"\" data-large-file=\"https:\/\/i0.wp.com\/2solesmusica.com\/wp-content\/uploads\/2022\/12\/marioenlanube.jpg?fit=683%2C1024&amp;ssl=1\" src=\"https:\/\/i0.wp.com\/2solesmusica.com\/wp-content\/uploads\/2022\/12\/marioenlanube.jpg?resize=1000%2C1500&#038;ssl=1\" alt=\"\" class=\"wp-image-870 size-full\" \/><\/figure><div class=\"wp-block-media-text__content\">\n<p class=\"wp-block-paragraph\">Mario en la Nube es un cl\u00e1sico de la literatura infantil y juvenil. Es un libroo para leer en familia, una lectura guiada en la que Mario, que no se siente atra\u00eddo por las chicas, pero s\u00ed por los chicos, se lo cuenta a sus padres en un alarde de sinceridad y complicidad con su familia.<\/p>\n\n\n\n<p class=\"wp-block-paragraph\">El libro trata con naturalidad la salida del armario, para que los ni\u00f1os vean c\u00f3mo puede hacerse, y que en las familias estas cosas se pueden hablar con absoluta tranquilidad.<\/p>\n\n\n\n<p class=\"wp-block-paragraph\">La novelas de a penas 32 p\u00e1ginas dotar\u00e1 a los ni\u00f1os de las herramientas para reconocerse y sentirse a gusto contando c\u00f3mo se sienten sin el miedo habitual al rechazo.<\/p>\n<\/div><\/div>\n\n\n\n<p class=\"has-text-align-center has-primary-color has-cyan-bluish-gray-background-color has-text-color has-background wp-block-paragraph\"><strong><a href=\"https:\/\/amzn.to\/3FLEnPb\">COMPRAR AQU\u00cd.<\/a><\/strong><\/p>\n\n\n\n<p class=\"wp-block-paragraph\">Y hasta aqu\u00ed nuestra recomendaci\u00f3n. Han sido 20 t\u00edtulos con ideas para regalar a familiares, adultos o ni\u00f1os, amigos, amigas y amigues. Adem\u00e1s, hemos a\u00f1adido un enlace de compra en cada t\u00edtulo para facilitarte el poder conseguirlos.<\/p>\n\n\n\n<p class=\"wp-block-paragraph\">Hemos utilizado una conocida plataforma de compra para ello, porque es la \u00fanica que nos permit\u00eda poner enlaces en la web. Te recomendamos no obstante que hagas tus compras en la librer\u00eda de tu barrio o la m\u00e1s cercana a tu domicilio, que fomentes el comercio local. Y recuerda que muchas de esas librer\u00edas tienen compra online.<\/p>\n\n\n\n<p class=\"wp-block-paragraph\">Esperamos tu feedback&#8230; \u00bfHas regalado algo de aqu\u00ed?\u00bfQu\u00e9 tal la experiencia?<\/p>\n\n\n\n<p class=\"wp-block-paragraph\">Bueno, y antes de irnos, puede ser que el regalo sea para alguien que no tenga ning\u00fan inter\u00e9s en la cultura queer, o ni siquiera en leer. No te preocupes tenemos una alternativa para ellos.<\/p>\n\n\n\n<div class=\"wp-block-media-text alignwide is-stacked-on-mobile\" style=\"grid-template-columns:30% auto\"><figure class=\"wp-block-media-text__media\"><img data-recalc-dims=\"1\" loading=\"lazy\" decoding=\"async\" width=\"1051\" height=\"1360\" data-attachment-id=\"877\" data-permalink=\"https:\/\/2solesmusica.com\/?attachment_id=877\" data-orig-file=\"https:\/\/i0.wp.com\/2solesmusica.com\/wp-content\/uploads\/2022\/12\/animales.jpg?fit=1051%2C1360&amp;ssl=1\" data-orig-size=\"1051,1360\" data-comments-opened=\"1\" data-image-meta=\"{&quot;aperture&quot;:&quot;0&quot;,&quot;credit&quot;:&quot;&quot;,&quot;camera&quot;:&quot;&quot;,&quot;caption&quot;:&quot;&quot;,&quot;created_timestamp&quot;:&quot;0&quot;,&quot;copyright&quot;:&quot;&quot;,&quot;focal_length&quot;:&quot;0&quot;,&quot;iso&quot;:&quot;0&quot;,&quot;shutter_speed&quot;:&quot;0&quot;,&quot;title&quot;:&quot;&quot;,&quot;orientation&quot;:&quot;0&quot;}\" data-image-title=\"animales\" data-image-description=\"\" data-image-caption=\"\" data-large-file=\"https:\/\/i0.wp.com\/2solesmusica.com\/wp-content\/uploads\/2022\/12\/animales.jpg?fit=791%2C1024&amp;ssl=1\" src=\"https:\/\/i0.wp.com\/2solesmusica.com\/wp-content\/uploads\/2022\/12\/animales.jpg?resize=1051%2C1360&#038;ssl=1\" alt=\"\" class=\"wp-image-877 size-full\" \/><\/figure><div class=\"wp-block-media-text__content\">\n<p class=\"wp-block-paragraph\"><strong><em>ANIMALES FOLLANDO<\/em><\/strong> no es un libro de lectura, es un volumen de gran formato para colorear, con lo que m\u00e1s le gusta al est\u00fapido de tu novio, follar.<\/p>\n\n\n\n<p class=\"wp-block-paragraph\">Animales que follan en todas las posturas: avestruces, elefantes, rinocerontes, entre otros muchos.<\/p>\n\n\n\n<p class=\"wp-block-paragraph\">Y puedes aprovechar el momento para soltarle una indirecta con el libro OJETES DE GATO, un libro para colorear gatos que ense\u00f1an el ojete en cualquier postura&#8230; para que tu novio capte el mensaje de que debe comerte el ojete con m\u00e1s ganas, no todo el meter el nabo y empujar la trompa como si no hubiera un ma\u00f1ana.<\/p>\n<\/div><\/div>\n\n\n\n<p class=\"has-text-align-center has-primary-color has-cyan-bluish-gray-background-color has-text-color has-background wp-block-paragraph\"><strong><a href=\"https:\/\/amzn.to\/3Pnu3jx\">COMPRAR AQU\u00cd<\/a><\/strong><\/p>\n\n\n\n<div class=\"wp-block-media-text alignwide is-stacked-on-mobile\" style=\"grid-template-columns:30% auto\"><figure class=\"wp-block-media-text__media\"><img data-recalc-dims=\"1\" loading=\"lazy\" decoding=\"async\" width=\"1000\" height=\"1000\" data-attachment-id=\"880\" data-permalink=\"https:\/\/2solesmusica.com\/?attachment_id=880\" data-orig-file=\"https:\/\/i0.wp.com\/2solesmusica.com\/wp-content\/uploads\/2022\/12\/gatos.jpg?fit=1000%2C1000&amp;ssl=1\" data-orig-size=\"1000,1000\" data-comments-opened=\"1\" data-image-meta=\"{&quot;aperture&quot;:&quot;0&quot;,&quot;credit&quot;:&quot;&quot;,&quot;camera&quot;:&quot;&quot;,&quot;caption&quot;:&quot;&quot;,&quot;created_timestamp&quot;:&quot;0&quot;,&quot;copyright&quot;:&quot;&quot;,&quot;focal_length&quot;:&quot;0&quot;,&quot;iso&quot;:&quot;0&quot;,&quot;shutter_speed&quot;:&quot;0&quot;,&quot;title&quot;:&quot;&quot;,&quot;orientation&quot;:&quot;0&quot;}\" data-image-title=\"gatos\" data-image-description=\"\" data-image-caption=\"\" data-large-file=\"https:\/\/i0.wp.com\/2solesmusica.com\/wp-content\/uploads\/2022\/12\/gatos.jpg?fit=1000%2C1000&amp;ssl=1\" src=\"https:\/\/i0.wp.com\/2solesmusica.com\/wp-content\/uploads\/2022\/12\/gatos.jpg?resize=1000%2C1000&#038;ssl=1\" alt=\"\" class=\"wp-image-880 size-full\" \/><\/figure><div class=\"wp-block-media-text__content\">\n<p class=\"has-text-align-center has-primary-color has-cyan-bluish-gray-background-color has-text-color has-background wp-block-paragraph\"><strong><a href=\"https:\/\/amzn.to\/3hiYbzU\">COMPRAR OJETE DE GATO AQU\u00cd.<\/a><\/strong><\/p>\n<\/div><\/div>\n","protected":false},"excerpt":{"rendered":"<p> La variedad de libros lgtbiq+ a veces est\u00e1 escondida, por aquello de no ser \u00abevidentes\u00bb, como si a d\u00eda de hoy hubiera que esconder libros no sea que una mirada furtiva vea un arcoiris en la portada y se sienta ofendido o contrariado.<\/p>\n","protected":false},"author":37710108,"featured_media":883,"comment_status":"open","ping_status":"open","sticky":false,"template":"","format":"standard","meta":{"_coblocks_attr":"","_coblocks_dimensions":"","_coblocks_responsive_height":"","_coblocks_accordion_ie_support":"","advanced_seo_description":"","jetpack_seo_html_title":"","jetpack_seo_noindex":false,"jetpack_seo_schema_type":"","_jetpack_newsletter_access":"","_jetpack_dont_email_post_to_subs":false,"_jetpack_newsletter_tier_id":0,"_jetpack_memberships_contains_paywalled_content":false,"_wpcom_ai_launchpad_first_post":false,"_jetpack_feature_clip_id":0,"_jetpack_memberships_contains_paid_content":false,"footnotes":"","jetpack_publicize_message":"","jetpack_publicize_feature_enabled":true,"jetpack_social_post_already_shared":false,"jetpack_social_options":{"image_generator_settings":{"template":"highway","default_image_id":0,"font":"","enabled":false},"version":2},"jetpack_post_was_ever_published":false},"categories":[4438],"tags":[34413,3131,5059906,24908592,791442929,3719,1207985],"class_list":["post-756","post","type-post","status-publish","format-standard","has-post-thumbnail","hentry","category-libros","tag-ensayo","tag-gay","tag-lgtbi","tag-lgtbiq","tag-libros","tag-literatura","tag-musica-3"],"jetpack_publicize_connections":[],"jetpack_likes_enabled":true,"jetpack_sharing_enabled":true,"jetpack_shortlink":"https:\/\/wp.me\/p2AqRC-cc","jetpack_featured_media_url":"https:\/\/i0.wp.com\/2solesmusica.com\/wp-content\/uploads\/2022\/12\/con-pluma.jpg?fit=940%2C788&ssl=1","_links":{"self":[{"href":"https:\/\/2solesmusica.com\/index.php?rest_route=\/wp\/v2\/posts\/756","targetHints":{"allow":["GET"]}}],"collection":[{"href":"https:\/\/2solesmusica.com\/index.php?rest_route=\/wp\/v2\/posts"}],"about":[{"href":"https:\/\/2solesmusica.com\/index.php?rest_route=\/wp\/v2\/types\/post"}],"author":[{"embeddable":true,"href":"https:\/\/2solesmusica.com\/index.php?rest_route=\/wp\/v2\/users\/37710108"}],"replies":[{"embeddable":true,"href":"https:\/\/2solesmusica.com\/index.php?rest_route=%2Fwp%2Fv2%2Fcomments&post=756"}],"version-history":[{"count":25,"href":"https:\/\/2solesmusica.com\/index.php?rest_route=\/wp\/v2\/posts\/756\/revisions"}],"predecessor-version":[{"id":884,"href":"https:\/\/2solesmusica.com\/index.php?rest_route=\/wp\/v2\/posts\/756\/revisions\/884"}],"wp:featuredmedia":[{"embeddable":true,"href":"https:\/\/2solesmusica.com\/index.php?rest_route=\/wp\/v2\/media\/883"}],"wp:attachment":[{"href":"https:\/\/2solesmusica.com\/index.php?rest_route=%2Fwp%2Fv2%2Fmedia&parent=756"}],"wp:term":[{"taxonomy":"category","embeddable":true,"href":"https:\/\/2solesmusica.com\/index.php?rest_route=%2Fwp%2Fv2%2Fcategories&post=756"},{"taxonomy":"post_tag","embeddable":true,"href":"https:\/\/2solesmusica.com\/index.php?rest_route=%2Fwp%2Fv2%2Ftags&post=756"}],"curies":[{"name":"wp","href":"https:\/\/api.w.org\/{rel}","templated":true}]}}